{"id":996,"date":"2022-10-14T09:15:47","date_gmt":"2022-10-14T12:15:47","guid":{"rendered":"http:\/\/zoomproducciones.com.ar\/zoomp\/?p=996"},"modified":"2022-10-14T09:19:28","modified_gmt":"2022-10-14T12:19:28","slug":"dpec-cortes-programados-para-av-belgrano-y-demas-zonas","status":"publish","type":"post","link":"https:\/\/zoomproducciones.com.ar\/zoomp\/dpec-cortes-programados-para-av-belgrano-y-demas-zonas\/","title":{"rendered":"DPEC: cortes programados para Av Belgrano y dem\u00e1s zonas"},"content":{"rendered":"\n<p>La DPEC estar\u00e1 realizando trabajos programados en las zonas de: Estaci\u00f3n AXION; en Barrios San Cayetano, Favaloro, Monte Verde, La coral, La Estaci\u00f3n y Santa Rosa; como tambi\u00e9n por Avenida Belgrano hasta Maestro Melogno. El corte de energia ser\u00e1 desde las 12:00 hasta las 16:00.<\/p>\n\n\n\n<p>Dpec informa que con motivo de realizar mejoras en el servicio se ejecutar\u00e1 cambio de postes por columnas de Hormig\u00f3n Armado de Lineas de Media Tensi\u00f3n, por lo cual se interrumpir\u00e1 el suministro de energ\u00eda electrica en:<\/p>\n\n\n\n<p>Estaci\u00f3n de Servicio AXION.<\/p>\n\n\n\n<p>Barrio San Cayetano.<\/p>\n\n\n\n<p>Barrio Favaloro.<\/p>\n\n\n\n<p>Barrio Monte Verde.<\/p>\n\n\n\n<p>Barrio La coral.<\/p>\n\n\n\n<p>Barrio La Estaci\u00f3n.<\/p>\n\n\n\n<p>Barrio Santa Rosa.<\/p>\n\n\n\n<p>Avenida Belgrano hasta Maestro Melogno.<\/p>\n","protected":false},"excerpt":{"rendered":"<p>La DPEC estar\u00e1 realizando trabajos programados en las zonas de: Estaci\u00f3n AXION; en Barrios San Cayetano, Favaloro, Monte Verde, La coral, La Estaci\u00f3n y Santa Rosa; como tambi\u00e9n por Avenida Belgrano hasta Maestro Melogno. El corte de energia ser\u00e1 desde las 12:00 hasta las 16:00. Dpec informa que con motivo de realizar mejoras en el [&hellip;]<\/p>\n","protected":false},"author":4,"featured_media":0,"comment_status":"closed","ping_status":"open","sticky":false,"template":"","format":"standard","meta":{"footnotes":""},"categories":[5],"tags":[161,42,116],"class_list":{"0":"post-996","1":"post","2":"type-post","3":"status-publish","4":"format-standard","6":"category-locales","7":"tag-dpec","8":"tag-featured","9":"tag-paso-de-los-libres"},"_links":{"self":[{"href":"https:\/\/zoomproducciones.com.ar\/zoomp\/wp-json\/wp\/v2\/posts\/996","targetHints":{"allow":["GET"]}}],"collection":[{"href":"https:\/\/zoomproducciones.com.ar\/zoomp\/wp-json\/wp\/v2\/posts"}],"about":[{"href":"https:\/\/zoomproducciones.com.ar\/zoomp\/wp-json\/wp\/v2\/types\/post"}],"author":[{"embeddable":true,"href":"https:\/\/zoomproducciones.com.ar\/zoomp\/wp-json\/wp\/v2\/users\/4"}],"replies":[{"embeddable":true,"href":"https:\/\/zoomproducciones.com.ar\/zoomp\/wp-json\/wp\/v2\/comments?post=996"}],"version-history":[{"count":2,"href":"https:\/\/zoomproducciones.com.ar\/zoomp\/wp-json\/wp\/v2\/posts\/996\/revisions"}],"predecessor-version":[{"id":1000,"href":"https:\/\/zoomproducciones.com.ar\/zoomp\/wp-json\/wp\/v2\/posts\/996\/revisions\/1000"}],"wp:attachment":[{"href":"https:\/\/zoomproducciones.com.ar\/zoomp\/wp-json\/wp\/v2\/media?parent=996"}],"wp:term":[{"taxonomy":"category","embeddable":true,"href":"https:\/\/zoomproducciones.com.ar\/zoomp\/wp-json\/wp\/v2\/categories?post=996"},{"taxonomy":"post_tag","embeddable":true,"href":"https:\/\/zoomproducciones.com.ar\/zoomp\/wp-json\/wp\/v2\/tags?post=996"}],"curies":[{"name":"wp","href":"https:\/\/api.w.org\/{rel}","templated":true}]}}