{"id":907,"date":"2022-10-03T19:10:08","date_gmt":"2022-10-03T22:10:08","guid":{"rendered":"http:\/\/zoomproducciones.com.ar\/zoomp\/?p=907"},"modified":"2022-10-03T19:10:08","modified_gmt":"2022-10-03T22:10:08","slug":"por-una-falla-cardiaca-fallecio-fabian-rios","status":"publish","type":"post","link":"https:\/\/zoomproducciones.com.ar\/zoomp\/por-una-falla-cardiaca-fallecio-fabian-rios\/","title":{"rendered":"Por una falla card\u00edaca: falleci\u00f3 Fabi\u00e1n R\u00edos"},"content":{"rendered":"\n<p>Seg\u00fan los datos dados a conocer por Radio Sudamericana, el ex intendente de Corrientes, Fabi\u00e1n R\u00edos, falleci\u00f3 hace algunas horas. Habr\u00eda sido por una falla card\u00edaca. <\/p>\n\n\n\n<p>El ex intendente de Corrientes Capital, ex legislador nacional y provincial y presidente del PJ de Corrientes, Ingeniero Fabi\u00e1n R\u00edos, muri\u00f3 esta tarde en la Ciudad de Ituzaing\u00f3.De acuerdo a los datos dados a conocer por Radio Sudamericana a modo de primicia, R\u00edos muri\u00f3 de manera repentina tras sufrir una falla card\u00edaca mientras practicaba deporte.<\/p>\n\n\n\n<p>Vale recordar que el reconocido pol\u00edtico que tambi\u00e9n estuvo al frente del Banco Naci\u00f3n y actualmente era Gerente de A\u00f1a Cu\u00e1, fue el \u00faltimo candidato a gobernador por el Frente de Todos en 2021.<\/p>\n","protected":false},"excerpt":{"rendered":"<p>Seg\u00fan los datos dados a conocer por Radio Sudamericana, el ex intendente de Corrientes, Fabi\u00e1n R\u00edos, falleci\u00f3 hace algunas horas. Habr\u00eda sido por una falla card\u00edaca. El ex intendente de Corrientes Capital, ex legislador nacional y provincial y presidente del PJ de Corrientes, Ingeniero Fabi\u00e1n R\u00edos, muri\u00f3 esta tarde en la Ciudad de Ituzaing\u00f3.De acuerdo [&hellip;]<\/p>\n","protected":false},"author":4,"featured_media":0,"comment_status":"closed","ping_status":"open","sticky":false,"template":"","format":"standard","meta":{"footnotes":""},"categories":[6,3],"tags":[125,42],"class_list":{"0":"post-907","1":"post","2":"type-post","3":"status-publish","4":"format-standard","6":"category-infogral","7":"category-provinciales","8":"tag-corrientes","9":"tag-featured"},"_links":{"self":[{"href":"https:\/\/zoomproducciones.com.ar\/zoomp\/wp-json\/wp\/v2\/posts\/907","targetHints":{"allow":["GET"]}}],"collection":[{"href":"https:\/\/zoomproducciones.com.ar\/zoomp\/wp-json\/wp\/v2\/posts"}],"about":[{"href":"https:\/\/zoomproducciones.com.ar\/zoomp\/wp-json\/wp\/v2\/types\/post"}],"author":[{"embeddable":true,"href":"https:\/\/zoomproducciones.com.ar\/zoomp\/wp-json\/wp\/v2\/users\/4"}],"replies":[{"embeddable":true,"href":"https:\/\/zoomproducciones.com.ar\/zoomp\/wp-json\/wp\/v2\/comments?post=907"}],"version-history":[{"count":1,"href":"https:\/\/zoomproducciones.com.ar\/zoomp\/wp-json\/wp\/v2\/posts\/907\/revisions"}],"predecessor-version":[{"id":909,"href":"https:\/\/zoomproducciones.com.ar\/zoomp\/wp-json\/wp\/v2\/posts\/907\/revisions\/909"}],"wp:attachment":[{"href":"https:\/\/zoomproducciones.com.ar\/zoomp\/wp-json\/wp\/v2\/media?parent=907"}],"wp:term":[{"taxonomy":"category","embeddable":true,"href":"https:\/\/zoomproducciones.com.ar\/zoomp\/wp-json\/wp\/v2\/categories?post=907"},{"taxonomy":"post_tag","embeddable":true,"href":"https:\/\/zoomproducciones.com.ar\/zoomp\/wp-json\/wp\/v2\/tags?post=907"}],"curies":[{"name":"wp","href":"https:\/\/api.w.org\/{rel}","templated":true}]}}