{"id":8993,"date":"2023-08-17T14:58:45","date_gmt":"2023-08-17T17:58:45","guid":{"rendered":"http:\/\/zoomproducciones.com.ar\/zoomp\/?p=8993"},"modified":"2023-08-17T15:28:49","modified_gmt":"2023-08-17T18:28:49","slug":"el-gran-dia-de-la-diversion-contara-con-una-obra-teatral-para-ninos","status":"publish","type":"post","link":"https:\/\/zoomproducciones.com.ar\/zoomp\/el-gran-dia-de-la-diversion-contara-con-una-obra-teatral-para-ninos\/","title":{"rendered":"El Gran D\u00eda de la Diversi\u00f3n contar\u00e1 con una obra teatral para ni\u00f1os"},"content":{"rendered":"\n<p>\u00abLa banda lunar\u00bb es un novedoso y exitoso proyecto impulsado por artistas de Paso de los Libres con actuaciones destinadas a entretener a los m\u00e1s chicos mediante m\u00fasica, danza y teatro. El grupo es una de las grandes atracciones en el evento que prepara el equipo \u00abFaraldo con la Gente\u00bb para este domingo 20 de agosto, a partir de las 14 horas, en la Palza del Bicenterio. <\/p>\n\n\n\n<p>\u00abTe canto una historia\u00bb es un concierto teatralizado con el que el grupo viene de presentarse en el anfiteatro del Parque Centenario de Buenos Aires durante el periodo de vacaciones. <\/p>\n\n\n\n<p><\/p>\n\n\n\n<figure class=\"wp-block-image size-full is-resized\"><a href=\"http:\/\/zoomproducciones.com.ar\/zoomp\/wp-content\/uploads\/2023\/08\/Banner-Faraldo-GIF-1.gif\"><img loading=\"lazy\" decoding=\"async\" src=\"http:\/\/zoomproducciones.com.ar\/zoomp\/wp-content\/uploads\/2023\/08\/Banner-Faraldo-GIF-1.gif\" alt=\"\" class=\"wp-image-8948\" style=\"width:403px;height:42px\" width=\"403\" height=\"42\"\/><\/a><\/figure>\n\n\n\n<p><\/p>\n\n\n\n<p>En esta ocasi\u00f3n dir\u00e1 presente con esa perfonmance en el festejo por el mes de la ni\u00f1ez denominado \u00abGran D\u00eda de la Diversi\u00f3n\u00bb, en la que los chicos libre\u00f1os, junto a familiares, podr\u00e1n disfrutar de muchos juegos, entretenimientos y chocolatada. <\/p>\n","protected":false},"excerpt":{"rendered":"<p>\u00abLa banda lunar\u00bb es un novedoso y exitoso proyecto impulsado por artistas de Paso de los Libres con actuaciones destinadas a entretener a los m\u00e1s chicos mediante m\u00fasica, danza y teatro. El grupo es una de las grandes atracciones en el evento que prepara el equipo \u00abFaraldo con la Gente\u00bb para este domingo 20 de [&hellip;]<\/p>\n","protected":false},"author":2,"featured_media":0,"comment_status":"closed","ping_status":"open","sticky":false,"template":"","format":"standard","meta":{"footnotes":""},"categories":[5],"tags":[42],"class_list":{"0":"post-8993","1":"post","2":"type-post","3":"status-publish","4":"format-standard","6":"category-locales","7":"tag-featured"},"_links":{"self":[{"href":"https:\/\/zoomproducciones.com.ar\/zoomp\/wp-json\/wp\/v2\/posts\/8993","targetHints":{"allow":["GET"]}}],"collection":[{"href":"https:\/\/zoomproducciones.com.ar\/zoomp\/wp-json\/wp\/v2\/posts"}],"about":[{"href":"https:\/\/zoomproducciones.com.ar\/zoomp\/wp-json\/wp\/v2\/types\/post"}],"author":[{"embeddable":true,"href":"https:\/\/zoomproducciones.com.ar\/zoomp\/wp-json\/wp\/v2\/users\/2"}],"replies":[{"embeddable":true,"href":"https:\/\/zoomproducciones.com.ar\/zoomp\/wp-json\/wp\/v2\/comments?post=8993"}],"version-history":[{"count":5,"href":"https:\/\/zoomproducciones.com.ar\/zoomp\/wp-json\/wp\/v2\/posts\/8993\/revisions"}],"predecessor-version":[{"id":9003,"href":"https:\/\/zoomproducciones.com.ar\/zoomp\/wp-json\/wp\/v2\/posts\/8993\/revisions\/9003"}],"wp:attachment":[{"href":"https:\/\/zoomproducciones.com.ar\/zoomp\/wp-json\/wp\/v2\/media?parent=8993"}],"wp:term":[{"taxonomy":"category","embeddable":true,"href":"https:\/\/zoomproducciones.com.ar\/zoomp\/wp-json\/wp\/v2\/categories?post=8993"},{"taxonomy":"post_tag","embeddable":true,"href":"https:\/\/zoomproducciones.com.ar\/zoomp\/wp-json\/wp\/v2\/tags?post=8993"}],"curies":[{"name":"wp","href":"https:\/\/api.w.org\/{rel}","templated":true}]}}