{"id":8924,"date":"2023-08-15T11:43:20","date_gmt":"2023-08-15T14:43:20","guid":{"rendered":"http:\/\/zoomproducciones.com.ar\/zoomp\/?p=8924"},"modified":"2023-08-15T11:44:16","modified_gmt":"2023-08-15T14:44:16","slug":"causa-narcotrafico-esperarian-a-valdes-para-remover-a-la-cupula-policial","status":"publish","type":"post","link":"https:\/\/zoomproducciones.com.ar\/zoomp\/causa-narcotrafico-esperarian-a-valdes-para-remover-a-la-cupula-policial\/","title":{"rendered":"Causa narcotr\u00e1fico: esperar\u00edan a Vald\u00e9s para remover la c\u00fapula policial"},"content":{"rendered":"\n<p>Unos cincuenta polic\u00edas federales dependientes de las delegaciones de Formosa y Chaco, allanaron este lunes en la sede de la Divisi\u00f3n Metropolitana de la Polic\u00eda de Corrientes por causas ligadas al narcotr\u00e1fico; tambi\u00e9n irrumpieron varios domicilios de funcionarios policiales provinciales.&nbsp;<\/p>\n\n\n\n<p>Hay, al menos,&nbsp;<strong>un suboficial de la Polic\u00eda de Corrientes detenido&nbsp;y se secuestr\u00f3 elementos relacionados con la investigaci\u00f3n. &nbsp;<\/strong>El suboficial detenido pertenec\u00eda a la Direcci\u00f3n de Investigaci\u00f3n Criminal.<\/p>\n\n\n\n<p>Seg\u00fan informaci\u00f3n a la que pudo acceder Zoom Producciones, <strong>son muchas las probabilidades de que tras este hecho se remueva a la c\u00fapula policial. <\/strong><\/p>\n\n\n\n<p>Para cambiar al jefe y subjefe de la Polic\u00eda, esperar\u00edan la llegada del Gobernador Gustavo Vald\u00e9s que se encuentra en Paraguay por el traspaso de mando a Santiago Pe\u00f1a. <\/p>\n\n\n\n<p>Adem\u00e1s, la Polic\u00eda inici\u00f3 un sumario a Luciano Vallejos, jefe de la Divisi\u00f3n Metropolitana.<\/p>\n","protected":false},"excerpt":{"rendered":"<p>Unos cincuenta polic\u00edas federales dependientes de las delegaciones de Formosa y Chaco, allanaron este lunes en la sede de la Divisi\u00f3n Metropolitana de la Polic\u00eda de Corrientes por causas ligadas al narcotr\u00e1fico; tambi\u00e9n irrumpieron varios domicilios de funcionarios policiales provinciales.&nbsp; Hay, al menos,&nbsp;un suboficial de la Polic\u00eda de Corrientes detenido&nbsp;y se secuestr\u00f3 elementos relacionados con [&hellip;]<\/p>\n","protected":false},"author":2,"featured_media":0,"comment_status":"closed","ping_status":"open","sticky":false,"template":"","format":"standard","meta":{"footnotes":""},"categories":[3],"tags":[511,125,122],"class_list":{"0":"post-8924","1":"post","2":"type-post","3":"status-publish","4":"format-standard","6":"category-provinciales","7":"tag-bloque-2","8":"tag-corrientes","9":"tag-policiales"},"_links":{"self":[{"href":"https:\/\/zoomproducciones.com.ar\/zoomp\/wp-json\/wp\/v2\/posts\/8924","targetHints":{"allow":["GET"]}}],"collection":[{"href":"https:\/\/zoomproducciones.com.ar\/zoomp\/wp-json\/wp\/v2\/posts"}],"about":[{"href":"https:\/\/zoomproducciones.com.ar\/zoomp\/wp-json\/wp\/v2\/types\/post"}],"author":[{"embeddable":true,"href":"https:\/\/zoomproducciones.com.ar\/zoomp\/wp-json\/wp\/v2\/users\/2"}],"replies":[{"embeddable":true,"href":"https:\/\/zoomproducciones.com.ar\/zoomp\/wp-json\/wp\/v2\/comments?post=8924"}],"version-history":[{"count":3,"href":"https:\/\/zoomproducciones.com.ar\/zoomp\/wp-json\/wp\/v2\/posts\/8924\/revisions"}],"predecessor-version":[{"id":8928,"href":"https:\/\/zoomproducciones.com.ar\/zoomp\/wp-json\/wp\/v2\/posts\/8924\/revisions\/8928"}],"wp:attachment":[{"href":"https:\/\/zoomproducciones.com.ar\/zoomp\/wp-json\/wp\/v2\/media?parent=8924"}],"wp:term":[{"taxonomy":"category","embeddable":true,"href":"https:\/\/zoomproducciones.com.ar\/zoomp\/wp-json\/wp\/v2\/categories?post=8924"},{"taxonomy":"post_tag","embeddable":true,"href":"https:\/\/zoomproducciones.com.ar\/zoomp\/wp-json\/wp\/v2\/tags?post=8924"}],"curies":[{"name":"wp","href":"https:\/\/api.w.org\/{rel}","templated":true}]}}