{"id":8913,"date":"2023-08-15T10:42:42","date_gmt":"2023-08-15T13:42:42","guid":{"rendered":"http:\/\/zoomproducciones.com.ar\/zoomp\/?p=8913"},"modified":"2023-08-15T10:42:42","modified_gmt":"2023-08-15T13:42:42","slug":"causa-narcotrafico-14-allanamientos-y-un-suboficial-detenido","status":"publish","type":"post","link":"https:\/\/zoomproducciones.com.ar\/zoomp\/causa-narcotrafico-14-allanamientos-y-un-suboficial-detenido\/","title":{"rendered":"Causa Narcotr\u00e1fico: 14 allanamientos y un suboficial detenido"},"content":{"rendered":"\n<p>Unos cincuenta polic\u00edas federales dependientes de las delegaciones de Formosa y Chaco, irrumpieron ayer en la sede de la Divisi\u00f3n Metropolitana de la Polic\u00eda de Corrientes en un hecho sin precedentes. Allanaron el lugar por causas ligadas al narcotr\u00e1fico y tambi\u00e9n allanaron varios domicilios de funcionarios policiales provinciales.\u00a0<\/p>\n\n\n\n<p>Tras un operativo de la Polic\u00eda Federal con asiento en Corrientes, <strong>realizaron 14 allanamientos de los cuales 12 fueron en esta Capital y 2 en la ciudad chaque\u00f1a de S\u00e1enz Pe\u00f1a.<\/strong> El procedimiento estuvo enmarcado en una causa por narcotr\u00e1fico.<\/p>\n\n\n\n<p>Seg\u00fan lo que inform\u00f3 el Portal de Radio Sudamericana hay, al menos,\u00a0<strong>un suboficial de la Polic\u00eda de Corrientes detenido\u00a0y se secuestr\u00f3 elementos relacionados con la investigaci\u00f3n. \u00a0<\/strong><\/p>\n\n\n\n<p>Entre los lugares que fueron allanados,<strong> se encontraban oficinas de la Direcci\u00f3n General Metropolitana y viviendas de miembros de la fuerza provincial.<\/strong><\/p>\n\n\n\n<p><\/p>\n\n\n\n<p><p style=\"box-sizing: border-box; margin: 0px 0px 9px; padding: 0px; color: rgb(91, 91, 91); font-family: Ubuntu, &quot;Helvetica Neue&quot;, Helvetica, Arial, sans-serif; font-size: 16px; white-space: normal; text-align: justify;\"><a class=\"fotos-desarrollo unlink\" title=\"Narcotr\u00e1fico: allanan oficina de la Metropolitana y detienen a un suboficial de la Polic\u00eda de Corrientes\" style=\"box-sizing: border-box; margin: 0px; padding: 0px; background-color: transparent; color: rgb(51, 122, 183); text-decoration-line: none;\" href=\"https:\/\/www.radiosudamericana.com\/notix\/multimedia\/imagenes\/fotos\/2023-08-15\/376102.jpg\"><\/a><\/p><\/p>\n","protected":false},"excerpt":{"rendered":"<p>Unos cincuenta polic\u00edas federales dependientes de las delegaciones de Formosa y Chaco, irrumpieron ayer en la sede de la Divisi\u00f3n Metropolitana de la Polic\u00eda de Corrientes en un hecho sin precedentes. Allanaron el lugar por causas ligadas al narcotr\u00e1fico y tambi\u00e9n allanaron varios domicilios de funcionarios policiales provinciales.\u00a0 Tras un operativo de la Polic\u00eda Federal [&hellip;]<\/p>\n","protected":false},"author":2,"featured_media":0,"comment_status":"closed","ping_status":"open","sticky":false,"template":"","format":"standard","meta":{"footnotes":""},"categories":[3],"tags":[511,125],"class_list":{"0":"post-8913","1":"post","2":"type-post","3":"status-publish","4":"format-standard","6":"category-provinciales","7":"tag-bloque-2","8":"tag-corrientes"},"_links":{"self":[{"href":"https:\/\/zoomproducciones.com.ar\/zoomp\/wp-json\/wp\/v2\/posts\/8913","targetHints":{"allow":["GET"]}}],"collection":[{"href":"https:\/\/zoomproducciones.com.ar\/zoomp\/wp-json\/wp\/v2\/posts"}],"about":[{"href":"https:\/\/zoomproducciones.com.ar\/zoomp\/wp-json\/wp\/v2\/types\/post"}],"author":[{"embeddable":true,"href":"https:\/\/zoomproducciones.com.ar\/zoomp\/wp-json\/wp\/v2\/users\/2"}],"replies":[{"embeddable":true,"href":"https:\/\/zoomproducciones.com.ar\/zoomp\/wp-json\/wp\/v2\/comments?post=8913"}],"version-history":[{"count":1,"href":"https:\/\/zoomproducciones.com.ar\/zoomp\/wp-json\/wp\/v2\/posts\/8913\/revisions"}],"predecessor-version":[{"id":8915,"href":"https:\/\/zoomproducciones.com.ar\/zoomp\/wp-json\/wp\/v2\/posts\/8913\/revisions\/8915"}],"wp:attachment":[{"href":"https:\/\/zoomproducciones.com.ar\/zoomp\/wp-json\/wp\/v2\/media?parent=8913"}],"wp:term":[{"taxonomy":"category","embeddable":true,"href":"https:\/\/zoomproducciones.com.ar\/zoomp\/wp-json\/wp\/v2\/categories?post=8913"},{"taxonomy":"post_tag","embeddable":true,"href":"https:\/\/zoomproducciones.com.ar\/zoomp\/wp-json\/wp\/v2\/tags?post=8913"}],"curies":[{"name":"wp","href":"https:\/\/api.w.org\/{rel}","templated":true}]}}