{"id":8904,"date":"2023-08-15T09:40:00","date_gmt":"2023-08-15T12:40:00","guid":{"rendered":"http:\/\/zoomproducciones.com.ar\/zoomp\/?p=8904"},"modified":"2023-08-15T09:40:02","modified_gmt":"2023-08-15T12:40:02","slug":"este-miercoles-martin-ascua-en-tire-y-afloje","status":"publish","type":"post","link":"https:\/\/zoomproducciones.com.ar\/zoomp\/este-miercoles-martin-ascua-en-tire-y-afloje\/","title":{"rendered":"Este mi\u00e9rcoles: Mart\u00edn Asc\u00faa en Tire y Afloje"},"content":{"rendered":"\n<p>El intendente de la ciudad visitar\u00e1 los estudios de Zoom Producciones y analizar\u00e1 los resultados de las PASO que se realizaron este domingo. Tambi\u00e9n ser\u00e1 consultado sobre el armado de listas de concejales a nivel local, de cara a octubre.<\/p>\n\n\n\n<figure class=\"wp-block-embed is-type-rich is-provider-twitter wp-block-embed-twitter\"><div class=\"wp-block-embed__wrapper\">\n<blockquote class=\"twitter-tweet\" data-width=\"550\" data-dnt=\"true\"><p lang=\"es\" dir=\"ltr\">\ud83d\udc49 El Intendente de la ciudad visitar\u00e1 los estudios de Zoom Producciones y analizar\u00e1 los resultados de las PASO que se realizaron este domingo <br><br>Podr\u00e1s ver el programa, el cual comienza a las 09:30, desde nuestro canal de YouTube y la FM 95.5 <a href=\"https:\/\/t.co\/NA2kAg8pmD\">pic.twitter.com\/NA2kAg8pmD<\/a><\/p>&mdash; Zoom Producciones (@ZOOMPLIBRES) <a href=\"https:\/\/twitter.com\/ZOOMPLIBRES\/status\/1691429280859738113?ref_src=twsrc%5Etfw\">August 15, 2023<\/a><\/blockquote><script async src=\"https:\/\/platform.twitter.com\/widgets.js\" charset=\"utf-8\"><\/script>\n<\/div><\/figure>\n\n\n\n<p>Podr\u00e1s ver el programa, el cual comenzar\u00e1 a las 09:30 horas, desde nuestro canal de&nbsp;<a href=\"https:\/\/www.youtube.com\/@ZoomProduccionesLibres\">YouTube:<\/a>&nbsp;<a href=\"https:\/\/www.youtube.com\/@ZoomProduccionesLibres\">Zoom Producciones<\/a>; o escucharnos a trav\u00e9s de la FM 95.5.<\/p>\n","protected":false},"excerpt":{"rendered":"<p>El intendente de la ciudad visitar\u00e1 los estudios de Zoom Producciones y analizar\u00e1 los resultados de las PASO que se realizaron este domingo. Tambi\u00e9n ser\u00e1 consultado sobre el armado de listas de concejales a nivel local, de cara a octubre. Podr\u00e1s ver el programa, el cual comenzar\u00e1 a las 09:30 horas, desde nuestro canal de&nbsp;YouTube:&nbsp;Zoom [&hellip;]<\/p>\n","protected":false},"author":2,"featured_media":0,"comment_status":"closed","ping_status":"open","sticky":false,"template":"","format":"standard","meta":{"footnotes":""},"categories":[5],"tags":[511,116],"class_list":{"0":"post-8904","1":"post","2":"type-post","3":"status-publish","4":"format-standard","6":"category-locales","7":"tag-bloque-2","8":"tag-paso-de-los-libres"},"_links":{"self":[{"href":"https:\/\/zoomproducciones.com.ar\/zoomp\/wp-json\/wp\/v2\/posts\/8904","targetHints":{"allow":["GET"]}}],"collection":[{"href":"https:\/\/zoomproducciones.com.ar\/zoomp\/wp-json\/wp\/v2\/posts"}],"about":[{"href":"https:\/\/zoomproducciones.com.ar\/zoomp\/wp-json\/wp\/v2\/types\/post"}],"author":[{"embeddable":true,"href":"https:\/\/zoomproducciones.com.ar\/zoomp\/wp-json\/wp\/v2\/users\/2"}],"replies":[{"embeddable":true,"href":"https:\/\/zoomproducciones.com.ar\/zoomp\/wp-json\/wp\/v2\/comments?post=8904"}],"version-history":[{"count":1,"href":"https:\/\/zoomproducciones.com.ar\/zoomp\/wp-json\/wp\/v2\/posts\/8904\/revisions"}],"predecessor-version":[{"id":8907,"href":"https:\/\/zoomproducciones.com.ar\/zoomp\/wp-json\/wp\/v2\/posts\/8904\/revisions\/8907"}],"wp:attachment":[{"href":"https:\/\/zoomproducciones.com.ar\/zoomp\/wp-json\/wp\/v2\/media?parent=8904"}],"wp:term":[{"taxonomy":"category","embeddable":true,"href":"https:\/\/zoomproducciones.com.ar\/zoomp\/wp-json\/wp\/v2\/categories?post=8904"},{"taxonomy":"post_tag","embeddable":true,"href":"https:\/\/zoomproducciones.com.ar\/zoomp\/wp-json\/wp\/v2\/tags?post=8904"}],"curies":[{"name":"wp","href":"https:\/\/api.w.org\/{rel}","templated":true}]}}