{"id":8393,"date":"2023-08-03T09:32:44","date_gmt":"2023-08-03T12:32:44","guid":{"rendered":"http:\/\/zoomproducciones.com.ar\/zoomp\/?p=8393"},"modified":"2023-08-03T09:51:30","modified_gmt":"2023-08-03T12:51:30","slug":"asi-estara-el-tiempo-en-paso-de-los-libres-este-jueves-2","status":"publish","type":"post","link":"https:\/\/zoomproducciones.com.ar\/zoomp\/asi-estara-el-tiempo-en-paso-de-los-libres-este-jueves-2\/","title":{"rendered":"As\u00ed estar\u00e1 el tiempo en Paso de los Libres este jueves"},"content":{"rendered":"\n<p>El Servicio Meteorol\u00f3gico Nacional indica un jueves caluroso en lo que corresponde a esta semana de veranillo en Paso de los Libres. Se prev\u00e9 un d\u00eda algo nublado, con vientos provenientes del este a 13 kil\u00f3metros por hora.<\/p>\n\n\n\n<p>La temperatura indicada para esta jornada es de 16\u00b0C la m\u00ednima y 28\u00b0C la m\u00e1xima; el calor se comenz\u00f3 a sentir desde temprano ya que desde las 09:00 am se cont\u00f3 con 20\u00b0C, los cuales ir\u00e1n aumentanto para horas de la tarde.<\/p>\n\n\n\n<p>Este viernes las temperaturas ser\u00e1n algo similares; 19\u00b0C la m\u00ednima y 28\u00b0C la m\u00e1xima. <\/p>\n\n\n\n<p><\/p>\n","protected":false},"excerpt":{"rendered":"<p>El Servicio Meteorol\u00f3gico Nacional indica un jueves caluroso en lo que corresponde a esta semana de veranillo en Paso de los Libres. Se prev\u00e9 un d\u00eda algo nublado, con vientos provenientes del este a 13 kil\u00f3metros por hora. La temperatura indicada para esta jornada es de 16\u00b0C la m\u00ednima y 28\u00b0C la m\u00e1xima; el calor [&hellip;]<\/p>\n","protected":false},"author":2,"featured_media":0,"comment_status":"closed","ping_status":"open","sticky":false,"template":"","format":"standard","meta":{"footnotes":""},"categories":[5],"tags":[42,116],"class_list":{"0":"post-8393","1":"post","2":"type-post","3":"status-publish","4":"format-standard","6":"category-locales","7":"tag-featured","8":"tag-paso-de-los-libres"},"_links":{"self":[{"href":"https:\/\/zoomproducciones.com.ar\/zoomp\/wp-json\/wp\/v2\/posts\/8393","targetHints":{"allow":["GET"]}}],"collection":[{"href":"https:\/\/zoomproducciones.com.ar\/zoomp\/wp-json\/wp\/v2\/posts"}],"about":[{"href":"https:\/\/zoomproducciones.com.ar\/zoomp\/wp-json\/wp\/v2\/types\/post"}],"author":[{"embeddable":true,"href":"https:\/\/zoomproducciones.com.ar\/zoomp\/wp-json\/wp\/v2\/users\/2"}],"replies":[{"embeddable":true,"href":"https:\/\/zoomproducciones.com.ar\/zoomp\/wp-json\/wp\/v2\/comments?post=8393"}],"version-history":[{"count":2,"href":"https:\/\/zoomproducciones.com.ar\/zoomp\/wp-json\/wp\/v2\/posts\/8393\/revisions"}],"predecessor-version":[{"id":8401,"href":"https:\/\/zoomproducciones.com.ar\/zoomp\/wp-json\/wp\/v2\/posts\/8393\/revisions\/8401"}],"wp:attachment":[{"href":"https:\/\/zoomproducciones.com.ar\/zoomp\/wp-json\/wp\/v2\/media?parent=8393"}],"wp:term":[{"taxonomy":"category","embeddable":true,"href":"https:\/\/zoomproducciones.com.ar\/zoomp\/wp-json\/wp\/v2\/categories?post=8393"},{"taxonomy":"post_tag","embeddable":true,"href":"https:\/\/zoomproducciones.com.ar\/zoomp\/wp-json\/wp\/v2\/tags?post=8393"}],"curies":[{"name":"wp","href":"https:\/\/api.w.org\/{rel}","templated":true}]}}