{"id":8379,"date":"2023-08-02T18:23:54","date_gmt":"2023-08-02T21:23:54","guid":{"rendered":"http:\/\/zoomproducciones.com.ar\/zoomp\/?p=8379"},"modified":"2023-08-02T19:22:52","modified_gmt":"2023-08-02T22:22:52","slug":"gerardo-morales-llega-a-corrientes-asi-sera-su-agenda","status":"publish","type":"post","link":"https:\/\/zoomproducciones.com.ar\/zoomp\/gerardo-morales-llega-a-corrientes-asi-sera-su-agenda\/","title":{"rendered":"Gerardo Morales llega a Corrientes: as\u00ed ser\u00e1 su agenda"},"content":{"rendered":"\n<p>El actual Gobernador de Jujuy, y precandidato a Vice de Horacio Rodr\u00edguez Larreta, llega este jueves a Corrientes Capital y cumplir\u00e1 una extensa agenda junto al gobernador Gustavo Vald\u00e9s.<\/p>\n\n\n\n<h2 class=\"wp-block-heading\">Agenda:<\/h2>\n\n\n\n<p>Gerardo Morales ser\u00e1 recibido por Vald\u00e9s en donde est\u00e1 previsto que juntos mantengan una reuni\u00f3n y luego brinden una conferencia de prensa en el sal\u00f3n Amarillo de Casa de Gobierno. M\u00e1s tarde recorrer\u00e1n el Parque Industrial de Santa Rosa y cerrar\u00e1n la jornada con un gran acto de la Uni\u00f3n C\u00edvica Radical (UCR) en el Sal\u00f3n Lapacho, del Club San Martin.\u00a0<\/p>\n\n\n\n<p>9.30: Arribo a Corrientes<br>10:&nbsp; Reuni\u00f3n con Gustavo Vald\u00e9s en su despacho<br>10.30: Conferencia de prensa en el sal\u00f3n Amarillo de Casa de Gobierno<br>12: Reuni\u00f3n con sectores productivos y empresariales<br>13.30: Recorrida por el parque Industrial de Santa Rosa<br>19: Acto pol\u00edtico en el Sal\u00f3n Lapacho<\/p>\n","protected":false},"excerpt":{"rendered":"<p>El actual Gobernador de Jujuy, y precandidato a Vice de Horacio Rodr\u00edguez Larreta, llega este jueves a Corrientes Capital y cumplir\u00e1 una extensa agenda junto al gobernador Gustavo Vald\u00e9s. Agenda: Gerardo Morales ser\u00e1 recibido por Vald\u00e9s en donde est\u00e1 previsto que juntos mantengan una reuni\u00f3n y luego brinden una conferencia de prensa en el sal\u00f3n [&hellip;]<\/p>\n","protected":false},"author":2,"featured_media":0,"comment_status":"closed","ping_status":"open","sticky":false,"template":"","format":"standard","meta":{"footnotes":""},"categories":[484],"tags":[118,511],"class_list":{"0":"post-8379","1":"post","2":"type-post","3":"status-publish","4":"format-standard","6":"category-elecciones-2023","7":"tag-argentina","8":"tag-bloque-2"},"_links":{"self":[{"href":"https:\/\/zoomproducciones.com.ar\/zoomp\/wp-json\/wp\/v2\/posts\/8379","targetHints":{"allow":["GET"]}}],"collection":[{"href":"https:\/\/zoomproducciones.com.ar\/zoomp\/wp-json\/wp\/v2\/posts"}],"about":[{"href":"https:\/\/zoomproducciones.com.ar\/zoomp\/wp-json\/wp\/v2\/types\/post"}],"author":[{"embeddable":true,"href":"https:\/\/zoomproducciones.com.ar\/zoomp\/wp-json\/wp\/v2\/users\/2"}],"replies":[{"embeddable":true,"href":"https:\/\/zoomproducciones.com.ar\/zoomp\/wp-json\/wp\/v2\/comments?post=8379"}],"version-history":[{"count":2,"href":"https:\/\/zoomproducciones.com.ar\/zoomp\/wp-json\/wp\/v2\/posts\/8379\/revisions"}],"predecessor-version":[{"id":8382,"href":"https:\/\/zoomproducciones.com.ar\/zoomp\/wp-json\/wp\/v2\/posts\/8379\/revisions\/8382"}],"wp:attachment":[{"href":"https:\/\/zoomproducciones.com.ar\/zoomp\/wp-json\/wp\/v2\/media?parent=8379"}],"wp:term":[{"taxonomy":"category","embeddable":true,"href":"https:\/\/zoomproducciones.com.ar\/zoomp\/wp-json\/wp\/v2\/categories?post=8379"},{"taxonomy":"post_tag","embeddable":true,"href":"https:\/\/zoomproducciones.com.ar\/zoomp\/wp-json\/wp\/v2\/tags?post=8379"}],"curies":[{"name":"wp","href":"https:\/\/api.w.org\/{rel}","templated":true}]}}