{"id":8372,"date":"2023-08-02T17:59:28","date_gmt":"2023-08-02T20:59:28","guid":{"rendered":"http:\/\/zoomproducciones.com.ar\/zoomp\/?p=8372"},"modified":"2023-08-02T17:59:29","modified_gmt":"2023-08-02T20:59:29","slug":"lula-pide-a-dios-que-en-argentina-sea-electo-un-candidato-con-perspectiva-social","status":"publish","type":"post","link":"https:\/\/zoomproducciones.com.ar\/zoomp\/lula-pide-a-dios-que-en-argentina-sea-electo-un-candidato-con-perspectiva-social\/","title":{"rendered":"Lula pide \u00bba Dios\u00bb que en Argentina sea electo un candidato con perspectiva social"},"content":{"rendered":"\n<p>Este mi\u00e9rcoles se realiz\u00f3 el primer encuentro con corresponsales extranjeros, desde que asumi\u00f3 nuevamente Lula, en el Palacio de Planalto. All\u00ed, el mandatario brasile\u00f1o expres\u00f3 su opini\u00f3n acerca de los comicios argentinos: \u00bbPido a Dios que sea electo un candidato con m\u00e1s perspectiva de inclusi\u00f3n social y desarrollo\u00bb.<\/p>\n\n\n\n<p><strong>\u00abPido a Dios que sea electo un candidato con m\u00e1s perspectiva de inclusi\u00f3n social y desarrollo\u00a0y no uno que crea que toda pol\u00edtica p\u00fablica es gasto o que resolver el problema de Argentina es privatizar empresas p\u00fablicas\u00bb<\/strong><\/p>\n\n\n\n<p>De todos modos, Lula coment\u00f3 que prefiere hacer silencio acerca de su candidato favorito en las elecciones argentinas, las cu\u00e1les comienzan este pr\u00f3ximo domingo 13 de agosto con las PASO.<\/p>\n\n\n\n<figure class=\"wp-block-image size-large\"><a href=\"http:\/\/zoomproducciones.com.ar\/zoomp\/wp-content\/uploads\/2023\/08\/image-25.png\"><img decoding=\"async\" src=\"http:\/\/zoomproducciones.com.ar\/zoomp\/wp-content\/uploads\/2023\/08\/image-25-1024x576.png\" alt=\"\" class=\"wp-image-8374\"\/><\/a><\/figure>\n\n\n\n<p>&#8216;Brasil no quiere crecer solo, estoy preocupado por que un pa\u00eds tan importante como Argentina llega a una situaci\u00f3n c<strong>omo la actual en funci\u00f3n de una deuda adquirida por otro Gobierno que qued\u00f3 para este Gobierno\u00bb. <\/strong><\/p>\n\n\n\n<p>Por otro lado, el Presidente de Brasil confes\u00f3 que se encuentra haciendo todo lo posible en materia diplom\u00e1tica para ayudar a la Argentina con la deuda en el FMI.<\/p>\n\n\n\n<p>\u00bb<strong>El FMI deber\u00eda tener paciencia por la sequ\u00eda que diezm\u00f3 la producci\u00f3n agr\u00edcola<\/strong>\u00a0y podr\u00eda tener en cuenta eso y no dejar la espada en la cabeza del presidente de Argentina\u00bb, subray\u00f3.<\/p>\n","protected":false},"excerpt":{"rendered":"<p>Este mi\u00e9rcoles se realiz\u00f3 el primer encuentro con corresponsales extranjeros, desde que asumi\u00f3 nuevamente Lula, en el Palacio de Planalto. All\u00ed, el mandatario brasile\u00f1o expres\u00f3 su opini\u00f3n acerca de los comicios argentinos: \u00bbPido a Dios que sea electo un candidato con m\u00e1s perspectiva de inclusi\u00f3n social y desarrollo\u00bb. \u00abPido a Dios que sea electo un [&hellip;]<\/p>\n","protected":false},"author":2,"featured_media":0,"comment_status":"closed","ping_status":"open","sticky":false,"template":"","format":"standard","meta":{"footnotes":""},"categories":[484],"tags":[118,511],"class_list":{"0":"post-8372","1":"post","2":"type-post","3":"status-publish","4":"format-standard","6":"category-elecciones-2023","7":"tag-argentina","8":"tag-bloque-2"},"_links":{"self":[{"href":"https:\/\/zoomproducciones.com.ar\/zoomp\/wp-json\/wp\/v2\/posts\/8372","targetHints":{"allow":["GET"]}}],"collection":[{"href":"https:\/\/zoomproducciones.com.ar\/zoomp\/wp-json\/wp\/v2\/posts"}],"about":[{"href":"https:\/\/zoomproducciones.com.ar\/zoomp\/wp-json\/wp\/v2\/types\/post"}],"author":[{"embeddable":true,"href":"https:\/\/zoomproducciones.com.ar\/zoomp\/wp-json\/wp\/v2\/users\/2"}],"replies":[{"embeddable":true,"href":"https:\/\/zoomproducciones.com.ar\/zoomp\/wp-json\/wp\/v2\/comments?post=8372"}],"version-history":[{"count":1,"href":"https:\/\/zoomproducciones.com.ar\/zoomp\/wp-json\/wp\/v2\/posts\/8372\/revisions"}],"predecessor-version":[{"id":8375,"href":"https:\/\/zoomproducciones.com.ar\/zoomp\/wp-json\/wp\/v2\/posts\/8372\/revisions\/8375"}],"wp:attachment":[{"href":"https:\/\/zoomproducciones.com.ar\/zoomp\/wp-json\/wp\/v2\/media?parent=8372"}],"wp:term":[{"taxonomy":"category","embeddable":true,"href":"https:\/\/zoomproducciones.com.ar\/zoomp\/wp-json\/wp\/v2\/categories?post=8372"},{"taxonomy":"post_tag","embeddable":true,"href":"https:\/\/zoomproducciones.com.ar\/zoomp\/wp-json\/wp\/v2\/tags?post=8372"}],"curies":[{"name":"wp","href":"https:\/\/api.w.org\/{rel}","templated":true}]}}