{"id":8269,"date":"2023-08-01T10:11:55","date_gmt":"2023-08-01T13:11:55","guid":{"rendered":"http:\/\/zoomproducciones.com.ar\/zoomp\/?p=8269"},"modified":"2023-08-01T10:11:55","modified_gmt":"2023-08-01T13:11:55","slug":"descartan-por-ahora-una-visita-de-massa-a-corrientes","status":"publish","type":"post","link":"https:\/\/zoomproducciones.com.ar\/zoomp\/descartan-por-ahora-una-visita-de-massa-a-corrientes\/","title":{"rendered":"Descartan, por ahora, una visita de Massa a Corrientes"},"content":{"rendered":"\n<p>\u00a0El referente del Frente Renovador, Germ\u00e1n Braillard Poccard, aclar\u00f3 que la visita de Sergio Massa para este jueves 3 de agosto qued\u00f3 \u00abdescartada\u00bb por cuestiones de agenda. <\/p>\n\n\n\n<p>\u201cLa agenda de lo que se har\u00e1 en Corrientes est\u00e1, lo que falta es el d\u00eda. Lo de este jueves ya queda descartado y estamos viendo la posibilidad del s\u00e1bado 5 pero nada confirmado\u201d, indic\u00f3.<\/p>\n\n\n\n<p>\u201cQue la gente se quede tranquila que Sergio de ac\u00e1 a octubre viene a Corrientes\u201d, a\u00f1adi\u00f3 a este medio.<\/p>\n\n\n\n<h2 class=\"wp-block-heading\">Viaje a Mendonza y San Luis<\/h2>\n\n\n\n<p>El ministro de Econom\u00eda y precandidato a presidente por Uni\u00f3n por la Patria (UxP), Sergio Massa, visitar\u00e1 este martes las provincias de Mendoza y San Luis, donde se\u00a0<strong>entrevistar\u00e1 con empresarios y desarrollar\u00e1 actividades pol\u00edticas<\/strong>.<\/p>\n","protected":false},"excerpt":{"rendered":"<p>\u00a0El referente del Frente Renovador, Germ\u00e1n Braillard Poccard, aclar\u00f3 que la visita de Sergio Massa para este jueves 3 de agosto qued\u00f3 \u00abdescartada\u00bb por cuestiones de agenda. \u201cLa agenda de lo que se har\u00e1 en Corrientes est\u00e1, lo que falta es el d\u00eda. Lo de este jueves ya queda descartado y estamos viendo la posibilidad [&hellip;]<\/p>\n","protected":false},"author":2,"featured_media":0,"comment_status":"closed","ping_status":"open","sticky":false,"template":"","format":"standard","meta":{"footnotes":""},"categories":[3],"tags":[511,125],"class_list":{"0":"post-8269","1":"post","2":"type-post","3":"status-publish","4":"format-standard","6":"category-provinciales","7":"tag-bloque-2","8":"tag-corrientes"},"_links":{"self":[{"href":"https:\/\/zoomproducciones.com.ar\/zoomp\/wp-json\/wp\/v2\/posts\/8269","targetHints":{"allow":["GET"]}}],"collection":[{"href":"https:\/\/zoomproducciones.com.ar\/zoomp\/wp-json\/wp\/v2\/posts"}],"about":[{"href":"https:\/\/zoomproducciones.com.ar\/zoomp\/wp-json\/wp\/v2\/types\/post"}],"author":[{"embeddable":true,"href":"https:\/\/zoomproducciones.com.ar\/zoomp\/wp-json\/wp\/v2\/users\/2"}],"replies":[{"embeddable":true,"href":"https:\/\/zoomproducciones.com.ar\/zoomp\/wp-json\/wp\/v2\/comments?post=8269"}],"version-history":[{"count":1,"href":"https:\/\/zoomproducciones.com.ar\/zoomp\/wp-json\/wp\/v2\/posts\/8269\/revisions"}],"predecessor-version":[{"id":8270,"href":"https:\/\/zoomproducciones.com.ar\/zoomp\/wp-json\/wp\/v2\/posts\/8269\/revisions\/8270"}],"wp:attachment":[{"href":"https:\/\/zoomproducciones.com.ar\/zoomp\/wp-json\/wp\/v2\/media?parent=8269"}],"wp:term":[{"taxonomy":"category","embeddable":true,"href":"https:\/\/zoomproducciones.com.ar\/zoomp\/wp-json\/wp\/v2\/categories?post=8269"},{"taxonomy":"post_tag","embeddable":true,"href":"https:\/\/zoomproducciones.com.ar\/zoomp\/wp-json\/wp\/v2\/tags?post=8269"}],"curies":[{"name":"wp","href":"https:\/\/api.w.org\/{rel}","templated":true}]}}