{"id":8094,"date":"2023-07-28T09:59:11","date_gmt":"2023-07-28T12:59:11","guid":{"rendered":"http:\/\/zoomproducciones.com.ar\/zoomp\/?p=8094"},"modified":"2023-07-28T09:59:12","modified_gmt":"2023-07-28T12:59:12","slug":"larreta-regresa-a-corrientes-y-cumplira-agenda-con-valdes","status":"publish","type":"post","link":"https:\/\/zoomproducciones.com.ar\/zoomp\/larreta-regresa-a-corrientes-y-cumplira-agenda-con-valdes\/","title":{"rendered":"Larreta regresa a Corrientes y cumplir\u00e1 agenda con Vald\u00e9s"},"content":{"rendered":"\n<p>Horacio Rodr\u00edguez Larreta regresa a Corrientes y desarrollar\u00e1 su agenda en Ituzaing\u00f3, donde ser\u00e1 recibido por el gobernador Gustavo Vald\u00e9s.<\/p>\n\n\n\n<p>Se espera que ambos recorran las obras del nuevo puerto y no se descarta que se trasladen a la Isla Apip\u00e9 tras el conflicto lim\u00edtrofe con Paraguay.&nbsp;<\/p>\n\n\n\n<p>Asimismo est\u00e1 prevista una conferencia de prensa a las 18 en Atlas Gran Hotel. \u00a0Una hora m\u00e1s tarde se llevar\u00e1 adelante un acto pol\u00edtico, con la presencia de los candidatos a diputados de ECO + Vamos Corrientes en el club Cocodrilo<\/p>\n\n\n\n<p>Radio 2.<\/p>\n","protected":false},"excerpt":{"rendered":"<p>Horacio Rodr\u00edguez Larreta regresa a Corrientes y desarrollar\u00e1 su agenda en Ituzaing\u00f3, donde ser\u00e1 recibido por el gobernador Gustavo Vald\u00e9s. Se espera que ambos recorran las obras del nuevo puerto y no se descarta que se trasladen a la Isla Apip\u00e9 tras el conflicto lim\u00edtrofe con Paraguay.&nbsp; Asimismo est\u00e1 prevista una conferencia de prensa a [&hellip;]<\/p>\n","protected":false},"author":2,"featured_media":0,"comment_status":"closed","ping_status":"open","sticky":false,"template":"","format":"standard","meta":{"footnotes":""},"categories":[484],"tags":[125,113],"class_list":{"0":"post-8094","1":"post","2":"type-post","3":"status-publish","4":"format-standard","6":"category-elecciones-2023","7":"tag-corrientes","8":"tag-gobierno-provincial"},"_links":{"self":[{"href":"https:\/\/zoomproducciones.com.ar\/zoomp\/wp-json\/wp\/v2\/posts\/8094","targetHints":{"allow":["GET"]}}],"collection":[{"href":"https:\/\/zoomproducciones.com.ar\/zoomp\/wp-json\/wp\/v2\/posts"}],"about":[{"href":"https:\/\/zoomproducciones.com.ar\/zoomp\/wp-json\/wp\/v2\/types\/post"}],"author":[{"embeddable":true,"href":"https:\/\/zoomproducciones.com.ar\/zoomp\/wp-json\/wp\/v2\/users\/2"}],"replies":[{"embeddable":true,"href":"https:\/\/zoomproducciones.com.ar\/zoomp\/wp-json\/wp\/v2\/comments?post=8094"}],"version-history":[{"count":1,"href":"https:\/\/zoomproducciones.com.ar\/zoomp\/wp-json\/wp\/v2\/posts\/8094\/revisions"}],"predecessor-version":[{"id":8095,"href":"https:\/\/zoomproducciones.com.ar\/zoomp\/wp-json\/wp\/v2\/posts\/8094\/revisions\/8095"}],"wp:attachment":[{"href":"https:\/\/zoomproducciones.com.ar\/zoomp\/wp-json\/wp\/v2\/media?parent=8094"}],"wp:term":[{"taxonomy":"category","embeddable":true,"href":"https:\/\/zoomproducciones.com.ar\/zoomp\/wp-json\/wp\/v2\/categories?post=8094"},{"taxonomy":"post_tag","embeddable":true,"href":"https:\/\/zoomproducciones.com.ar\/zoomp\/wp-json\/wp\/v2\/tags?post=8094"}],"curies":[{"name":"wp","href":"https:\/\/api.w.org\/{rel}","templated":true}]}}