{"id":8086,"date":"2023-07-28T09:30:03","date_gmt":"2023-07-28T12:30:03","guid":{"rendered":"http:\/\/zoomproducciones.com.ar\/zoomp\/?p=8086"},"modified":"2023-07-28T09:30:09","modified_gmt":"2023-07-28T12:30:09","slug":"grupo-revelacao-en-libres-las-reacciones-en-redes-sociales","status":"publish","type":"post","link":"https:\/\/zoomproducciones.com.ar\/zoomp\/grupo-revelacao-en-libres-las-reacciones-en-redes-sociales\/","title":{"rendered":"Grupo Revela\u00e7\u00e3o en Libres: las reacciones en redes sociales"},"content":{"rendered":"\n<p>Ante la noticia de que el grupo reconocido de pagode llegar\u00e1 a Paso de los Libres el pr\u00f3ximo 16 de septiembre, los comentarios en las redes sociales no se hicieron esperar.<\/p>\n\n\n\n<figure class=\"wp-block-embed is-type-rich is-provider-twitter wp-block-embed-twitter\"><div class=\"wp-block-embed__wrapper\">\n<blockquote class=\"twitter-tweet\" data-width=\"550\" data-dnt=\"true\"><p lang=\"pt\" dir=\"ltr\">Ahora que vi que grupo Revela\u00e7ao viene a libres estoy que, quiero no Necesitoooo comprar esa entradaa<\/p>&mdash; \u00c5|\u20ac \ud83c\udf83 (@AleeRettamoz8) <a href=\"https:\/\/twitter.com\/AleeRettamoz8\/status\/1684739907086913536?ref_src=twsrc%5Etfw\">July 28, 2023<\/a><\/blockquote><script async src=\"https:\/\/platform.twitter.com\/widgets.js\" charset=\"utf-8\"><\/script>\n<\/div><\/figure>\n\n\n\n<figure class=\"wp-block-embed is-type-rich is-provider-twitter wp-block-embed-twitter\"><div class=\"wp-block-embed__wrapper\">\n<blockquote class=\"twitter-tweet\" data-width=\"550\" data-dnt=\"true\"><p lang=\"pt\" dir=\"ltr\">Ir a ver grupo revela\u00e7ao con mi pap\u00e1 es todo lo que quiero<\/p>&mdash; Flor\ud83c\udf38 (@FlopyMoreyra1) <a href=\"https:\/\/twitter.com\/FlopyMoreyra1\/status\/1684745752868732928?ref_src=twsrc%5Etfw\">July 28, 2023<\/a><\/blockquote><script async src=\"https:\/\/platform.twitter.com\/widgets.js\" charset=\"utf-8\"><\/script>\n<\/div><\/figure>\n\n\n\n<figure class=\"wp-block-embed is-type-rich is-provider-twitter wp-block-embed-twitter\"><div class=\"wp-block-embed__wrapper\">\n<blockquote class=\"twitter-tweet\" data-width=\"550\" data-dnt=\"true\"><p lang=\"es\" dir=\"ltr\">D\u00edganme que es verdad que el Grupo Revela\u00e7\u00e3o viene a Libres el 16 de septiembre as\u00ed compro la entrada AYER<\/p>&mdash; \u00ae\ufe0f (@RaulAdalid) <a href=\"https:\/\/twitter.com\/RaulAdalid\/status\/1684660024973373440?ref_src=twsrc%5Etfw\">July 27, 2023<\/a><\/blockquote><script async src=\"https:\/\/platform.twitter.com\/widgets.js\" charset=\"utf-8\"><\/script>\n<\/div><\/figure>\n\n\n\n<figure class=\"wp-block-embed is-type-rich is-provider-twitter wp-block-embed-twitter\"><div class=\"wp-block-embed__wrapper\">\n<blockquote class=\"twitter-tweet\" data-width=\"550\" data-dnt=\"true\"><p lang=\"es\" dir=\"ltr\">Para festejar mi cumple dijeron?\ud83e\udd29 <a href=\"https:\/\/t.co\/L9j1LXU0Tg\">https:\/\/t.co\/L9j1LXU0Tg<\/a><\/p>&mdash; \ud835\udc7b\ud835\udc82\ud835\udc8e\ud835\udc82\ud835\udc93\ud835\udc82 (@Tamaramonz1) <a href=\"https:\/\/twitter.com\/Tamaramonz1\/status\/1684702863837065216?ref_src=twsrc%5Etfw\">July 27, 2023<\/a><\/blockquote><script async src=\"https:\/\/platform.twitter.com\/widgets.js\" charset=\"utf-8\"><\/script>\n<\/div><\/figure>\n\n\n\n<figure class=\"wp-block-embed is-type-rich is-provider-twitter wp-block-embed-twitter\"><div class=\"wp-block-embed__wrapper\">\n<blockquote class=\"twitter-tweet\" data-width=\"550\" data-dnt=\"true\"><p lang=\"es\" dir=\"ltr\">Juro que me estoy endeudando de nuevo jajajaja <a href=\"https:\/\/t.co\/Suzx1c9wpL\">https:\/\/t.co\/Suzx1c9wpL<\/a><\/p>&mdash; \u2654Mila (@Lexyypedia) <a href=\"https:\/\/twitter.com\/Lexyypedia\/status\/1684731784250916864?ref_src=twsrc%5Etfw\">July 28, 2023<\/a><\/blockquote><script async src=\"https:\/\/platform.twitter.com\/widgets.js\" charset=\"utf-8\"><\/script>\n<\/div><\/figure>\n","protected":false},"excerpt":{"rendered":"<p>Ante la noticia de que el grupo reconocido de pagode llegar\u00e1 a Paso de los Libres el pr\u00f3ximo 16 de septiembre, los comentarios en las redes sociales no se hicieron esperar.<\/p>\n","protected":false},"author":2,"featured_media":0,"comment_status":"closed","ping_status":"open","sticky":false,"template":"","format":"standard","meta":{"footnotes":""},"categories":[5],"tags":[42,116],"class_list":{"0":"post-8086","1":"post","2":"type-post","3":"status-publish","4":"format-standard","6":"category-locales","7":"tag-featured","8":"tag-paso-de-los-libres"},"_links":{"self":[{"href":"https:\/\/zoomproducciones.com.ar\/zoomp\/wp-json\/wp\/v2\/posts\/8086","targetHints":{"allow":["GET"]}}],"collection":[{"href":"https:\/\/zoomproducciones.com.ar\/zoomp\/wp-json\/wp\/v2\/posts"}],"about":[{"href":"https:\/\/zoomproducciones.com.ar\/zoomp\/wp-json\/wp\/v2\/types\/post"}],"author":[{"embeddable":true,"href":"https:\/\/zoomproducciones.com.ar\/zoomp\/wp-json\/wp\/v2\/users\/2"}],"replies":[{"embeddable":true,"href":"https:\/\/zoomproducciones.com.ar\/zoomp\/wp-json\/wp\/v2\/comments?post=8086"}],"version-history":[{"count":1,"href":"https:\/\/zoomproducciones.com.ar\/zoomp\/wp-json\/wp\/v2\/posts\/8086\/revisions"}],"predecessor-version":[{"id":8090,"href":"https:\/\/zoomproducciones.com.ar\/zoomp\/wp-json\/wp\/v2\/posts\/8086\/revisions\/8090"}],"wp:attachment":[{"href":"https:\/\/zoomproducciones.com.ar\/zoomp\/wp-json\/wp\/v2\/media?parent=8086"}],"wp:term":[{"taxonomy":"category","embeddable":true,"href":"https:\/\/zoomproducciones.com.ar\/zoomp\/wp-json\/wp\/v2\/categories?post=8086"},{"taxonomy":"post_tag","embeddable":true,"href":"https:\/\/zoomproducciones.com.ar\/zoomp\/wp-json\/wp\/v2\/tags?post=8086"}],"curies":[{"name":"wp","href":"https:\/\/api.w.org\/{rel}","templated":true}]}}