{"id":7323,"date":"2023-07-07T09:31:11","date_gmt":"2023-07-07T12:31:11","guid":{"rendered":"http:\/\/zoomproducciones.com.ar\/zoomp\/?p=7323"},"modified":"2023-07-07T09:33:56","modified_gmt":"2023-07-07T12:33:56","slug":"plus-unificado-se-comenzara-a-pagar-desde-el-lunes","status":"publish","type":"post","link":"https:\/\/zoomproducciones.com.ar\/zoomp\/plus-unificado-se-comenzara-a-pagar-desde-el-lunes\/","title":{"rendered":"Plus unificado: se comenzar\u00e1 a pagar desde el lunes"},"content":{"rendered":"\n<p>El plus unificado para estatales se comenzar\u00e1 a pagar por terminaci\u00f3n de DNI a partir de este lunes 10 y finalizar\u00e1 el viernes 14. Adem\u00e1s, el primer tramo estar\u00e1 disponible a partir del s\u00e1bado 08\/10 en cajeros autom\u00e1ticos. <\/p>\n\n\n\n<p>Queda confirmar si el plus se pagar\u00e1 con aumentos y si el cronograma definido se confirmar\u00e1 en la Conferencia de Prensa pactada para la media ma\u00f1ana de este viernes. <\/p>\n\n\n\n<figure class=\"wp-block-image size-full\"><a href=\"http:\/\/zoomproducciones.com.ar\/zoomp\/wp-content\/uploads\/2023\/07\/image-41.png\"><img decoding=\"async\" src=\"http:\/\/zoomproducciones.com.ar\/zoomp\/wp-content\/uploads\/2023\/07\/image-41.png\" alt=\"\" class=\"wp-image-7324\"\/><\/a><\/figure>\n\n\n\n<p>La semana pasada, Gustavo Vald\u00e9s hab\u00eda adelantado la noticia:&nbsp;<strong>\u201cEn el mes de julio va a haber un nuevo aumento salarial y pr\u00f3ximamente vamos a anunciar como lo vamos a hacer\u201d<\/strong>.<\/p>\n","protected":false},"excerpt":{"rendered":"<p>El plus unificado para estatales se comenzar\u00e1 a pagar por terminaci\u00f3n de DNI a partir de este lunes 10 y finalizar\u00e1 el viernes 14. Adem\u00e1s, el primer tramo estar\u00e1 disponible a partir del s\u00e1bado 08\/10 en cajeros autom\u00e1ticos. Queda confirmar si el plus se pagar\u00e1 con aumentos y si el cronograma definido se confirmar\u00e1 en [&hellip;]<\/p>\n","protected":false},"author":2,"featured_media":0,"comment_status":"closed","ping_status":"open","sticky":false,"template":"","format":"standard","meta":{"footnotes":""},"categories":[3],"tags":[125,113,111],"class_list":{"0":"post-7323","1":"post","2":"type-post","3":"status-publish","4":"format-standard","6":"category-provinciales","7":"tag-corrientes","8":"tag-gobierno-provincial","9":"tag-plus"},"_links":{"self":[{"href":"https:\/\/zoomproducciones.com.ar\/zoomp\/wp-json\/wp\/v2\/posts\/7323","targetHints":{"allow":["GET"]}}],"collection":[{"href":"https:\/\/zoomproducciones.com.ar\/zoomp\/wp-json\/wp\/v2\/posts"}],"about":[{"href":"https:\/\/zoomproducciones.com.ar\/zoomp\/wp-json\/wp\/v2\/types\/post"}],"author":[{"embeddable":true,"href":"https:\/\/zoomproducciones.com.ar\/zoomp\/wp-json\/wp\/v2\/users\/2"}],"replies":[{"embeddable":true,"href":"https:\/\/zoomproducciones.com.ar\/zoomp\/wp-json\/wp\/v2\/comments?post=7323"}],"version-history":[{"count":2,"href":"https:\/\/zoomproducciones.com.ar\/zoomp\/wp-json\/wp\/v2\/posts\/7323\/revisions"}],"predecessor-version":[{"id":7326,"href":"https:\/\/zoomproducciones.com.ar\/zoomp\/wp-json\/wp\/v2\/posts\/7323\/revisions\/7326"}],"wp:attachment":[{"href":"https:\/\/zoomproducciones.com.ar\/zoomp\/wp-json\/wp\/v2\/media?parent=7323"}],"wp:term":[{"taxonomy":"category","embeddable":true,"href":"https:\/\/zoomproducciones.com.ar\/zoomp\/wp-json\/wp\/v2\/categories?post=7323"},{"taxonomy":"post_tag","embeddable":true,"href":"https:\/\/zoomproducciones.com.ar\/zoomp\/wp-json\/wp\/v2\/tags?post=7323"}],"curies":[{"name":"wp","href":"https:\/\/api.w.org\/{rel}","templated":true}]}}