{"id":7318,"date":"2023-07-07T09:17:58","date_gmt":"2023-07-07T12:17:58","guid":{"rendered":"http:\/\/zoomproducciones.com.ar\/zoomp\/?p=7318"},"modified":"2023-07-07T09:17:59","modified_gmt":"2023-07-07T12:17:59","slug":"libres-alerta-amarilla-por-tormentas-2","status":"publish","type":"post","link":"https:\/\/zoomproducciones.com.ar\/zoomp\/libres-alerta-amarilla-por-tormentas-2\/","title":{"rendered":"Libres: alerta amarilla por tormentas"},"content":{"rendered":"\n<p>El Servicio Meteorol\u00f3gico Nacional indic\u00f3 alerta amarilla por tormentas en Paso de los Libres. La probabilidad de lluvias var\u00eda entre 70 y 100%. La humedad, por otro lado, es del 95%.<\/p>\n\n\n\n<p>Este viernes la temperatura ser\u00e1 de 17\u00b0C la m\u00ednima y 21\u00b0C la m\u00e1xima.<\/p>\n\n\n\n<p>Las tormentas, seg\u00fan el SMN, durar\u00e1n todo el d\u00eda y se har\u00e1n m\u00e1s fuertes para la hora de la tarde y noche de este 7 de junio. <\/p>\n\n\n\n<figure class=\"wp-block-image size-full\"><a href=\"http:\/\/zoomproducciones.com.ar\/zoomp\/wp-content\/uploads\/2023\/07\/image-40.png\"><img decoding=\"async\" src=\"http:\/\/zoomproducciones.com.ar\/zoomp\/wp-content\/uploads\/2023\/07\/image-40.png\" alt=\"\" class=\"wp-image-7321\"\/><\/a><\/figure>\n\n\n\n<h2 class=\"wp-block-heading\">Alerta amarilla<\/h2>\n\n\n\n<p>El \u00e1rea ser\u00e1 afectada por tormentas de variada intensidad, pudiendo ser algunas localmente fuertes. Se espera que las mismas est\u00e9n acompa\u00f1adas fundamentalmente por r\u00e1fagas, intensos chaparrones con abundante ca\u00edda de agua en cortos periodos y ocasional ca\u00edda de granizo.<br>Se estiman valores totales de precipitaci\u00f3n entre 20 y 40 mm, pudiendo ser superados de forma puntual.<\/p>\n","protected":false},"excerpt":{"rendered":"<p>El Servicio Meteorol\u00f3gico Nacional indic\u00f3 alerta amarilla por tormentas en Paso de los Libres. La probabilidad de lluvias var\u00eda entre 70 y 100%. La humedad, por otro lado, es del 95%. Este viernes la temperatura ser\u00e1 de 17\u00b0C la m\u00ednima y 21\u00b0C la m\u00e1xima. Las tormentas, seg\u00fan el SMN, durar\u00e1n todo el d\u00eda y se [&hellip;]<\/p>\n","protected":false},"author":2,"featured_media":0,"comment_status":"closed","ping_status":"open","sticky":false,"template":"","format":"standard","meta":{"footnotes":""},"categories":[5],"tags":[42,116,162],"class_list":{"0":"post-7318","1":"post","2":"type-post","3":"status-publish","4":"format-standard","6":"category-locales","7":"tag-featured","8":"tag-paso-de-los-libres","9":"tag-smn"},"_links":{"self":[{"href":"https:\/\/zoomproducciones.com.ar\/zoomp\/wp-json\/wp\/v2\/posts\/7318","targetHints":{"allow":["GET"]}}],"collection":[{"href":"https:\/\/zoomproducciones.com.ar\/zoomp\/wp-json\/wp\/v2\/posts"}],"about":[{"href":"https:\/\/zoomproducciones.com.ar\/zoomp\/wp-json\/wp\/v2\/types\/post"}],"author":[{"embeddable":true,"href":"https:\/\/zoomproducciones.com.ar\/zoomp\/wp-json\/wp\/v2\/users\/2"}],"replies":[{"embeddable":true,"href":"https:\/\/zoomproducciones.com.ar\/zoomp\/wp-json\/wp\/v2\/comments?post=7318"}],"version-history":[{"count":1,"href":"https:\/\/zoomproducciones.com.ar\/zoomp\/wp-json\/wp\/v2\/posts\/7318\/revisions"}],"predecessor-version":[{"id":7322,"href":"https:\/\/zoomproducciones.com.ar\/zoomp\/wp-json\/wp\/v2\/posts\/7318\/revisions\/7322"}],"wp:attachment":[{"href":"https:\/\/zoomproducciones.com.ar\/zoomp\/wp-json\/wp\/v2\/media?parent=7318"}],"wp:term":[{"taxonomy":"category","embeddable":true,"href":"https:\/\/zoomproducciones.com.ar\/zoomp\/wp-json\/wp\/v2\/categories?post=7318"},{"taxonomy":"post_tag","embeddable":true,"href":"https:\/\/zoomproducciones.com.ar\/zoomp\/wp-json\/wp\/v2\/tags?post=7318"}],"curies":[{"name":"wp","href":"https:\/\/api.w.org\/{rel}","templated":true}]}}