{"id":7315,"date":"2023-07-06T16:37:34","date_gmt":"2023-07-06T19:37:34","guid":{"rendered":"http:\/\/zoomproducciones.com.ar\/zoomp\/?p=7315"},"modified":"2023-07-07T09:51:56","modified_gmt":"2023-07-07T12:51:56","slug":"paro-de-colectivos-este-viernes-no-habra-servicio-de-tig-y-minibus","status":"publish","type":"post","link":"https:\/\/zoomproducciones.com.ar\/zoomp\/paro-de-colectivos-este-viernes-no-habra-servicio-de-tig-y-minibus\/","title":{"rendered":"Paro de colectivos: este viernes no habr\u00e1 servicio de TIG y Minibus"},"content":{"rendered":"\n<p>Tras no haber acuerdo por parte de la UTA y las empresas, el gremio ratifica el paro de colectivos desde las 00 horas del d\u00eda Viernes 7 de julio. En principio se tratar\u00eda de un cese de actividades por 24 horas. <\/p>\n\n\n\n<figure class=\"wp-block-image size-full\"><a href=\"http:\/\/zoomproducciones.com.ar\/zoomp\/wp-content\/uploads\/2023\/07\/image-38.png\"><img decoding=\"async\" src=\"http:\/\/zoomproducciones.com.ar\/zoomp\/wp-content\/uploads\/2023\/07\/image-38.png\" alt=\"\" class=\"wp-image-7316\"\/><\/a><\/figure>\n\n\n\n<p>El secretario general de la Uni\u00f3n Tranviarios Automotor (UTA), Roberto Fern\u00e1ndez, ratific\u00f3 este jueves el paro de colectivos que comenzar\u00e1 esta medianoche y se extender\u00e1 por 24 horas, en el sector de corta y media distancia.<\/p>\n\n\n\n<p>\u00ab<strong>En la empresa que no pague lo que se acord\u00f3, desde esta noche no saldremos a trabajar y no habr\u00e1 servicios.<\/strong> Estamos esperando que las empresas paguen todo lo acordado, sino <strong>no<\/strong> <strong>saldremos a partir de las 0 horas de ma\u00f1ana<\/strong>\u00ab, dijo Fern\u00e1ndez a la Agencia de Noticias T\u00e9lam. <\/p>\n\n\n\n<p>Por otro lado, <strong>el Ministerio de Transporte se inform\u00f3 que esta semana se abonaron 27 millones de pesos<\/strong> a las empresas del sector, un monto<strong> \u00absuficiente para pagar los aumentos salariales\u00bb<\/strong> que reclaman desde el gremio, y que <strong>podr\u00eda destrabar la situaci\u00f3n y permitir\u00eda que se suspenda la medida sindical.<\/strong> <\/p>\n","protected":false},"excerpt":{"rendered":"<p>Tras no haber acuerdo por parte de la UTA y las empresas, el gremio ratifica el paro de colectivos desde las 00 horas del d\u00eda Viernes 7 de julio. En principio se tratar\u00eda de un cese de actividades por 24 horas. El secretario general de la Uni\u00f3n Tranviarios Automotor (UTA), Roberto Fern\u00e1ndez, ratific\u00f3 este jueves [&hellip;]<\/p>\n","protected":false},"author":2,"featured_media":0,"comment_status":"closed","ping_status":"open","sticky":false,"template":"","format":"standard","meta":{"footnotes":""},"categories":[5],"tags":[326,116,124],"class_list":{"0":"post-7315","1":"post","2":"type-post","3":"status-publish","4":"format-standard","6":"category-locales","7":"tag-paro-de-colectivos","8":"tag-paso-de-los-libres","9":"tag-tig"},"_links":{"self":[{"href":"https:\/\/zoomproducciones.com.ar\/zoomp\/wp-json\/wp\/v2\/posts\/7315","targetHints":{"allow":["GET"]}}],"collection":[{"href":"https:\/\/zoomproducciones.com.ar\/zoomp\/wp-json\/wp\/v2\/posts"}],"about":[{"href":"https:\/\/zoomproducciones.com.ar\/zoomp\/wp-json\/wp\/v2\/types\/post"}],"author":[{"embeddable":true,"href":"https:\/\/zoomproducciones.com.ar\/zoomp\/wp-json\/wp\/v2\/users\/2"}],"replies":[{"embeddable":true,"href":"https:\/\/zoomproducciones.com.ar\/zoomp\/wp-json\/wp\/v2\/comments?post=7315"}],"version-history":[{"count":1,"href":"https:\/\/zoomproducciones.com.ar\/zoomp\/wp-json\/wp\/v2\/posts\/7315\/revisions"}],"predecessor-version":[{"id":7317,"href":"https:\/\/zoomproducciones.com.ar\/zoomp\/wp-json\/wp\/v2\/posts\/7315\/revisions\/7317"}],"wp:attachment":[{"href":"https:\/\/zoomproducciones.com.ar\/zoomp\/wp-json\/wp\/v2\/media?parent=7315"}],"wp:term":[{"taxonomy":"category","embeddable":true,"href":"https:\/\/zoomproducciones.com.ar\/zoomp\/wp-json\/wp\/v2\/categories?post=7315"},{"taxonomy":"post_tag","embeddable":true,"href":"https:\/\/zoomproducciones.com.ar\/zoomp\/wp-json\/wp\/v2\/tags?post=7315"}],"curies":[{"name":"wp","href":"https:\/\/api.w.org\/{rel}","templated":true}]}}