{"id":7310,"date":"2023-07-06T16:22:31","date_gmt":"2023-07-06T19:22:31","guid":{"rendered":"http:\/\/zoomproducciones.com.ar\/zoomp\/?p=7310"},"modified":"2023-07-06T16:22:32","modified_gmt":"2023-07-06T19:22:32","slug":"se-confirmo-un-nuevo-aumento-de-sueldos-este-viernes-se-conoceran-los-detalles","status":"publish","type":"post","link":"https:\/\/zoomproducciones.com.ar\/zoomp\/se-confirmo-un-nuevo-aumento-de-sueldos-este-viernes-se-conoceran-los-detalles\/","title":{"rendered":"Se confirm\u00f3 un nuevo aumento de sueldos: este viernes se conocer\u00e1n los detalles"},"content":{"rendered":"\n<p>El ministro de Hacienda y Finanzas de la Provincia, Marcelo Rivas Piasentini, encabezar\u00e1 una conferencia de prensa este viernes a las 10 de la ma\u00f1ana donde anunciar\u00e1\u00a0el aumento para trabajadores estatales.<\/p>\n\n\n\n<figure class=\"wp-block-image size-large\"><a href=\"http:\/\/zoomproducciones.com.ar\/zoomp\/wp-content\/uploads\/2023\/07\/image-36.png\"><img decoding=\"async\" src=\"http:\/\/zoomproducciones.com.ar\/zoomp\/wp-content\/uploads\/2023\/07\/image-36-edited.png\" alt=\"\" class=\"wp-image-7312\"\/><\/a><\/figure>\n\n\n\n<p>La semana pasada, Gustavo Vald\u00e9s hab\u00eda adelantado la noticia: <strong>\u201cEn el mes de julio va a haber un nuevo aumento salarial y pr\u00f3ximamente vamos a anunciar como lo vamos a hacer\u201d<\/strong>.<\/p>\n\n\n\n<p><strong>\u201cTenemos para seguir mejorando los salarios de la administraci\u00f3n p\u00fablica tanto al sector activo como al pasivo\u201d<\/strong> reflexion\u00f3. Se trata del cuarto aumento en lo que va del a\u00f1o.<\/p>\n","protected":false},"excerpt":{"rendered":"<p>El ministro de Hacienda y Finanzas de la Provincia, Marcelo Rivas Piasentini, encabezar\u00e1 una conferencia de prensa este viernes a las 10 de la ma\u00f1ana donde anunciar\u00e1\u00a0el aumento para trabajadores estatales. La semana pasada, Gustavo Vald\u00e9s hab\u00eda adelantado la noticia: \u201cEn el mes de julio va a haber un nuevo aumento salarial y pr\u00f3ximamente vamos [&hellip;]<\/p>\n","protected":false},"author":2,"featured_media":0,"comment_status":"closed","ping_status":"open","sticky":false,"template":"","format":"standard","meta":{"footnotes":""},"categories":[3],"tags":[125,42,113,123],"class_list":{"0":"post-7310","1":"post","2":"type-post","3":"status-publish","4":"format-standard","6":"category-provinciales","7":"tag-corrientes","8":"tag-featured","9":"tag-gobierno-provincial","10":"tag-gustavo-valdes"},"_links":{"self":[{"href":"https:\/\/zoomproducciones.com.ar\/zoomp\/wp-json\/wp\/v2\/posts\/7310","targetHints":{"allow":["GET"]}}],"collection":[{"href":"https:\/\/zoomproducciones.com.ar\/zoomp\/wp-json\/wp\/v2\/posts"}],"about":[{"href":"https:\/\/zoomproducciones.com.ar\/zoomp\/wp-json\/wp\/v2\/types\/post"}],"author":[{"embeddable":true,"href":"https:\/\/zoomproducciones.com.ar\/zoomp\/wp-json\/wp\/v2\/users\/2"}],"replies":[{"embeddable":true,"href":"https:\/\/zoomproducciones.com.ar\/zoomp\/wp-json\/wp\/v2\/comments?post=7310"}],"version-history":[{"count":1,"href":"https:\/\/zoomproducciones.com.ar\/zoomp\/wp-json\/wp\/v2\/posts\/7310\/revisions"}],"predecessor-version":[{"id":7314,"href":"https:\/\/zoomproducciones.com.ar\/zoomp\/wp-json\/wp\/v2\/posts\/7310\/revisions\/7314"}],"wp:attachment":[{"href":"https:\/\/zoomproducciones.com.ar\/zoomp\/wp-json\/wp\/v2\/media?parent=7310"}],"wp:term":[{"taxonomy":"category","embeddable":true,"href":"https:\/\/zoomproducciones.com.ar\/zoomp\/wp-json\/wp\/v2\/categories?post=7310"},{"taxonomy":"post_tag","embeddable":true,"href":"https:\/\/zoomproducciones.com.ar\/zoomp\/wp-json\/wp\/v2\/tags?post=7310"}],"curies":[{"name":"wp","href":"https:\/\/api.w.org\/{rel}","templated":true}]}}