{"id":7307,"date":"2023-07-06T11:13:40","date_gmt":"2023-07-06T14:13:40","guid":{"rendered":"http:\/\/zoomproducciones.com.ar\/zoomp\/?p=7307"},"modified":"2023-07-06T11:13:41","modified_gmt":"2023-07-06T14:13:41","slug":"valdes-viajo-a-santa-fe-para-apoyar-a-losada-precandidata-de-bullrich","status":"publish","type":"post","link":"https:\/\/zoomproducciones.com.ar\/zoomp\/valdes-viajo-a-santa-fe-para-apoyar-a-losada-precandidata-de-bullrich\/","title":{"rendered":"Vald\u00e9s viaj\u00f3 a Santa Fe para apoyar a Losada, precandidata de Bullrich"},"content":{"rendered":"\n<p>El Gobernador acompa\u00f1\u00f3 a la precandidata a la gobernaci\u00f3n santafesina en una recorrida por Avellaneda y Villa Ocampo. \u00abEstoy convencido que, con su liderazgo, vamos a cambiar Santa Fe. Que gane el sentido com\u00fan\u00bb, afirm\u00f3 el correntino.<\/p>\n\n\n\n<p>\u00ab<strong>En esta provincia apoyamos a Carolina Losada en su precandidatura<\/strong> como gobernadora, una mujer transparente, honesta y decidida a cambiar Santa Fe trabajando en sus ejes para reforzar la seguridad, <strong>apostar por un estado moderno, impulsar el desarrollo productivo e integrar esta regi\u00f3n al Consejo Regional del Norte Grande<\/strong>\u00ab, resalt\u00f3 el gobernador de Corrientes.<\/p>\n\n\n\n<figure class=\"wp-block-image size-full\"><a href=\"http:\/\/zoomproducciones.com.ar\/zoomp\/wp-content\/uploads\/2023\/07\/image-35.png\"><img decoding=\"async\" src=\"http:\/\/zoomproducciones.com.ar\/zoomp\/wp-content\/uploads\/2023\/07\/image-35.png\" alt=\"\" class=\"wp-image-7308\"\/><\/a><\/figure>\n\n\n\n<p>En la rueda de prensa brindada en la localidad de Villa Ocampo, Vald\u00e9s tambi\u00e9n destac\u00f3 que <strong>\u00abvamos a conectar a Corrientes con esta zona de la provincia porque tenemos una visi\u00f3n de futuro en com\u00fan<\/strong>, por primera vez y despu\u00e9s de mucho tiempo. Estoy convencido que, con su liderazgo, vamos a cambiar Santa Fe. <strong>Que gane el sentido com\u00fan<\/strong>\u00ab, exhort\u00f3 en Mandatario correntino.<\/p>\n\n\n\n<p><\/p>\n","protected":false},"excerpt":{"rendered":"<p>El Gobernador acompa\u00f1\u00f3 a la precandidata a la gobernaci\u00f3n santafesina en una recorrida por Avellaneda y Villa Ocampo. \u00abEstoy convencido que, con su liderazgo, vamos a cambiar Santa Fe. Que gane el sentido com\u00fan\u00bb, afirm\u00f3 el correntino. \u00abEn esta provincia apoyamos a Carolina Losada en su precandidatura como gobernadora, una mujer transparente, honesta y decidida [&hellip;]<\/p>\n","protected":false},"author":2,"featured_media":0,"comment_status":"closed","ping_status":"open","sticky":false,"template":"","format":"standard","meta":{"footnotes":""},"categories":[484],"tags":[175,123],"class_list":{"0":"post-7307","1":"post","2":"type-post","3":"status-publish","4":"format-standard","6":"category-elecciones-2023","7":"tag-elecciones-2023","8":"tag-gustavo-valdes"},"_links":{"self":[{"href":"https:\/\/zoomproducciones.com.ar\/zoomp\/wp-json\/wp\/v2\/posts\/7307","targetHints":{"allow":["GET"]}}],"collection":[{"href":"https:\/\/zoomproducciones.com.ar\/zoomp\/wp-json\/wp\/v2\/posts"}],"about":[{"href":"https:\/\/zoomproducciones.com.ar\/zoomp\/wp-json\/wp\/v2\/types\/post"}],"author":[{"embeddable":true,"href":"https:\/\/zoomproducciones.com.ar\/zoomp\/wp-json\/wp\/v2\/users\/2"}],"replies":[{"embeddable":true,"href":"https:\/\/zoomproducciones.com.ar\/zoomp\/wp-json\/wp\/v2\/comments?post=7307"}],"version-history":[{"count":1,"href":"https:\/\/zoomproducciones.com.ar\/zoomp\/wp-json\/wp\/v2\/posts\/7307\/revisions"}],"predecessor-version":[{"id":7309,"href":"https:\/\/zoomproducciones.com.ar\/zoomp\/wp-json\/wp\/v2\/posts\/7307\/revisions\/7309"}],"wp:attachment":[{"href":"https:\/\/zoomproducciones.com.ar\/zoomp\/wp-json\/wp\/v2\/media?parent=7307"}],"wp:term":[{"taxonomy":"category","embeddable":true,"href":"https:\/\/zoomproducciones.com.ar\/zoomp\/wp-json\/wp\/v2\/categories?post=7307"},{"taxonomy":"post_tag","embeddable":true,"href":"https:\/\/zoomproducciones.com.ar\/zoomp\/wp-json\/wp\/v2\/tags?post=7307"}],"curies":[{"name":"wp","href":"https:\/\/api.w.org\/{rel}","templated":true}]}}