{"id":7304,"date":"2023-07-06T11:00:45","date_gmt":"2023-07-06T14:00:45","guid":{"rendered":"http:\/\/zoomproducciones.com.ar\/zoomp\/?p=7304"},"modified":"2023-07-06T11:00:45","modified_gmt":"2023-07-06T14:00:45","slug":"cafiero-a-mi-tambien-me-complica-que-la-playadito-valga-una-luca-el-kilo","status":"publish","type":"post","link":"https:\/\/zoomproducciones.com.ar\/zoomp\/cafiero-a-mi-tambien-me-complica-que-la-playadito-valga-una-luca-el-kilo\/","title":{"rendered":"Cafiero: \u00bbA m\u00ed tambi\u00e9n me complica que la Playadito valga una luca el kilo\u00bb"},"content":{"rendered":"\n<p>El Canciller se refiri\u00f3 a la inflaci\u00f3n y reclam\u00f3 una apertura de mercado por parte de Brasil. Adem\u00e1s, habl\u00f3 sobre el cierre de listas y la unidad en el oficialismo.<\/p>\n\n\n\n<p>Con relaci\u00f3n a la variaci\u00f3n de los precios en el pa\u00eds, reconoci\u00f3: \u201c<strong>A m\u00ed tambi\u00e9n me complica que la Playadito valga una luca, el kilo<\/strong>\u201d, enfatiz\u00f3 sobre el valor de la yerba mate. En tanto, sobre el v\u00ednculo de Argentina con Brasil expres\u00f3: <strong>\u201cNecesitamos que nos abra el mercado, no alcanza con que Alberto y Lula se lleven bien\u201d.<\/strong><\/p>\n\n\n\n<p>Por el <strong>cierre de listas<\/strong>, Cafiero opin\u00f3: \u201dCre\u00edamos que una primaria iba a revitalizar el espacio, dinamizar nuestras bases pol\u00edticas, pero hubo otra idea<strong>. Cuando est\u00e1s en un movimiento popular no da para hacer aventuras<\/strong>, escuch\u00e1s lo que se plantea m\u00e1s a un nivel global y general, ten\u00e9s que escuchar todas las voces\u201d.<\/p>\n\n\n\n<p>\u201cEn un movimiento como el peronismo<strong>\u00a0no pod\u00e9s ser un librepensador<\/strong>\u201d, agreg\u00f3.<\/p>\n\n\n\n<p>Con respecto a las consecuencias de la lista \u00fanica de Uni\u00f3n por la Patria, para las elecciones presidenciales de octubre, ratific\u00f3 que \u201csiempre hay heridos, pasa siempre en todos los cierres de listas, se dicen un mont\u00f3n de cosas y\u00a0<strong>despu\u00e9s baja la espuma<\/strong>\u201c. Y agreg\u00f3: \u201dAhora estamos trabajando todos perfecto, pero en estas elecciones\u00a0<strong>hay que ganar porque enfrente hay una derecha antidemocr\u00e1tica<\/strong>\u00a0que te promete un ajuste y, si no te gusta, te va a dar palos, ya te lo est\u00e1n diciendo\u201d, se sincer\u00f3.<\/p>\n\n\n\n<p>Con respecto a la flamante candidatura de\u00a0<strong>Sergio Massa<\/strong>, Cafiero reconoci\u00f3 que el ministro de Econom\u00eda \u201c<strong>logr\u00f3 una unidad de acci\u00f3n<\/strong>\u00a0donde todos tenemos bien en claro cu\u00e1l es el desaf\u00edo que tenemos por delante\u201d.<\/p>\n","protected":false},"excerpt":{"rendered":"<p>El Canciller se refiri\u00f3 a la inflaci\u00f3n y reclam\u00f3 una apertura de mercado por parte de Brasil. Adem\u00e1s, habl\u00f3 sobre el cierre de listas y la unidad en el oficialismo. Con relaci\u00f3n a la variaci\u00f3n de los precios en el pa\u00eds, reconoci\u00f3: \u201cA m\u00ed tambi\u00e9n me complica que la Playadito valga una luca, el kilo\u201d, [&hellip;]<\/p>\n","protected":false},"author":2,"featured_media":0,"comment_status":"closed","ping_status":"open","sticky":false,"template":"","format":"standard","meta":{"footnotes":""},"categories":[8],"tags":[118],"class_list":{"0":"post-7304","1":"post","2":"type-post","3":"status-publish","4":"format-standard","6":"category-nacionales","7":"tag-argentina"},"_links":{"self":[{"href":"https:\/\/zoomproducciones.com.ar\/zoomp\/wp-json\/wp\/v2\/posts\/7304","targetHints":{"allow":["GET"]}}],"collection":[{"href":"https:\/\/zoomproducciones.com.ar\/zoomp\/wp-json\/wp\/v2\/posts"}],"about":[{"href":"https:\/\/zoomproducciones.com.ar\/zoomp\/wp-json\/wp\/v2\/types\/post"}],"author":[{"embeddable":true,"href":"https:\/\/zoomproducciones.com.ar\/zoomp\/wp-json\/wp\/v2\/users\/2"}],"replies":[{"embeddable":true,"href":"https:\/\/zoomproducciones.com.ar\/zoomp\/wp-json\/wp\/v2\/comments?post=7304"}],"version-history":[{"count":1,"href":"https:\/\/zoomproducciones.com.ar\/zoomp\/wp-json\/wp\/v2\/posts\/7304\/revisions"}],"predecessor-version":[{"id":7306,"href":"https:\/\/zoomproducciones.com.ar\/zoomp\/wp-json\/wp\/v2\/posts\/7304\/revisions\/7306"}],"wp:attachment":[{"href":"https:\/\/zoomproducciones.com.ar\/zoomp\/wp-json\/wp\/v2\/media?parent=7304"}],"wp:term":[{"taxonomy":"category","embeddable":true,"href":"https:\/\/zoomproducciones.com.ar\/zoomp\/wp-json\/wp\/v2\/categories?post=7304"},{"taxonomy":"post_tag","embeddable":true,"href":"https:\/\/zoomproducciones.com.ar\/zoomp\/wp-json\/wp\/v2\/tags?post=7304"}],"curies":[{"name":"wp","href":"https:\/\/api.w.org\/{rel}","templated":true}]}}