{"id":7262,"date":"2023-07-05T17:33:56","date_gmt":"2023-07-05T20:33:56","guid":{"rendered":"http:\/\/zoomproducciones.com.ar\/zoomp\/?p=7262"},"modified":"2023-07-05T17:34:10","modified_gmt":"2023-07-05T20:34:10","slug":"di-maria-regreso-al-benfica-asi-presentaron-al-campeon-del-mundo","status":"publish","type":"post","link":"https:\/\/zoomproducciones.com.ar\/zoomp\/di-maria-regreso-al-benfica-asi-presentaron-al-campeon-del-mundo\/","title":{"rendered":"Di Mar\u00eda regresa al Benfica: as\u00ed presentaron al campe\u00f3n del mundo"},"content":{"rendered":"\n<p>El futuro de \u00c1ngel Di Mar\u00eda qued\u00f3 definido y volver\u00e1 a jugar en Benfica, club que le dio la bienvenida a Europa en 2007. El rosarino lleg\u00f3 a las \u00c1guilas tras unas temporadas en Rosario Central y all\u00ed gan\u00f3 la Liga y la Copa de la Liga de Portugal en dos ocasiones.<\/p>\n\n\n\n<figure class=\"wp-block-embed is-type-rich is-provider-twitter wp-block-embed-twitter\"><div class=\"wp-block-embed__wrapper\">\n<blockquote class=\"twitter-tweet\" data-width=\"550\" data-dnt=\"true\"><p lang=\"qme\" dir=\"ltr\">\u231b <a href=\"https:\/\/t.co\/vlFC9LDHd4\">pic.twitter.com\/vlFC9LDHd4<\/a><\/p>&mdash; SL Benfica (@SLBenfica) <a href=\"https:\/\/twitter.com\/SLBenfica\/status\/1676648407887118336?ref_src=twsrc%5Etfw\">July 5, 2023<\/a><\/blockquote><script async src=\"https:\/\/platform.twitter.com\/widgets.js\" charset=\"utf-8\"><\/script>\n<\/div><\/figure>\n\n\n\n<p>Di Mar\u00eda durante su etapa lleg\u00f3 a disputar\u00a0<strong>121 compromisos oficiales,<\/strong>\u00a0en los que marc\u00f3\u00a0<strong>15 tantos<\/strong>\u00a0y brind\u00f3<strong>\u00a028 asistencias<\/strong>. Adem\u00e1s, su talento le permiti\u00f3 al club festejar 3 t\u00edtulos dom\u00e9sticos:\u00a0<strong>Primeira Liga<\/strong>\u00a0(2009\/10) y la\u00a0<strong>Copa de la Liga de Portugal<\/strong>\u00a0(de 2009 y 2010)<\/p>\n\n\n\n<figure class=\"wp-block-embed is-type-rich is-provider-twitter wp-block-embed-twitter\"><div class=\"wp-block-embed__wrapper\">\n<blockquote class=\"twitter-tweet\" data-width=\"550\" data-dnt=\"true\"><p lang=\"es\" dir=\"ltr\">\ud835\udc16\ud835\udc1e\ud835\udc25\ud835\udc1c\ud835\udc28\ud835\udc26\ud835\udc1e \ud835\udc07\ud835\udc28\ud835\udc26\ud835\udc1e, Di Mar\u00eda! \ud83e\udef6\ud83c\udde6\ud83c\uddf7 <a href=\"https:\/\/t.co\/Fys7ZvHlAt\">pic.twitter.com\/Fys7ZvHlAt<\/a><\/p>&mdash; SL Benfica (@slbenfica_en) <a href=\"https:\/\/twitter.com\/slbenfica_en\/status\/1676653388941893640?ref_src=twsrc%5Etfw\">July 5, 2023<\/a><\/blockquote><script async src=\"https:\/\/platform.twitter.com\/widgets.js\" charset=\"utf-8\"><\/script>\n<\/div><\/figure>\n\n\n\n<p>El campe\u00f3n del mundo compartir\u00e1 equipo con\u00a0<strong>Nicol\u00e1s Otamendi<\/strong>, qui\u00e9n renov\u00f3 su contrato por dos temporadas m\u00e1s.<\/p>\n","protected":false},"excerpt":{"rendered":"<p>El futuro de \u00c1ngel Di Mar\u00eda qued\u00f3 definido y volver\u00e1 a jugar en Benfica, club que le dio la bienvenida a Europa en 2007. El rosarino lleg\u00f3 a las \u00c1guilas tras unas temporadas en Rosario Central y all\u00ed gan\u00f3 la Liga y la Copa de la Liga de Portugal en dos ocasiones. Di Mar\u00eda durante [&hellip;]<\/p>\n","protected":false},"author":2,"featured_media":0,"comment_status":"closed","ping_status":"open","sticky":false,"template":"","format":"standard","meta":{"footnotes":""},"categories":[167],"tags":[118,291,257],"class_list":{"0":"post-7262","1":"post","2":"type-post","3":"status-publish","4":"format-standard","6":"category-deportes","7":"tag-argentina","8":"tag-campeones-del-mundo","9":"tag-di-maria"},"_links":{"self":[{"href":"https:\/\/zoomproducciones.com.ar\/zoomp\/wp-json\/wp\/v2\/posts\/7262","targetHints":{"allow":["GET"]}}],"collection":[{"href":"https:\/\/zoomproducciones.com.ar\/zoomp\/wp-json\/wp\/v2\/posts"}],"about":[{"href":"https:\/\/zoomproducciones.com.ar\/zoomp\/wp-json\/wp\/v2\/types\/post"}],"author":[{"embeddable":true,"href":"https:\/\/zoomproducciones.com.ar\/zoomp\/wp-json\/wp\/v2\/users\/2"}],"replies":[{"embeddable":true,"href":"https:\/\/zoomproducciones.com.ar\/zoomp\/wp-json\/wp\/v2\/comments?post=7262"}],"version-history":[{"count":2,"href":"https:\/\/zoomproducciones.com.ar\/zoomp\/wp-json\/wp\/v2\/posts\/7262\/revisions"}],"predecessor-version":[{"id":7265,"href":"https:\/\/zoomproducciones.com.ar\/zoomp\/wp-json\/wp\/v2\/posts\/7262\/revisions\/7265"}],"wp:attachment":[{"href":"https:\/\/zoomproducciones.com.ar\/zoomp\/wp-json\/wp\/v2\/media?parent=7262"}],"wp:term":[{"taxonomy":"category","embeddable":true,"href":"https:\/\/zoomproducciones.com.ar\/zoomp\/wp-json\/wp\/v2\/categories?post=7262"},{"taxonomy":"post_tag","embeddable":true,"href":"https:\/\/zoomproducciones.com.ar\/zoomp\/wp-json\/wp\/v2\/tags?post=7262"}],"curies":[{"name":"wp","href":"https:\/\/api.w.org\/{rel}","templated":true}]}}