{"id":7259,"date":"2023-07-05T17:16:02","date_gmt":"2023-07-05T20:16:02","guid":{"rendered":"http:\/\/zoomproducciones.com.ar\/zoomp\/?p=7259"},"modified":"2023-07-05T18:50:34","modified_gmt":"2023-07-05T21:50:34","slug":"uta-amenaza-con-un-paro-de-colectivos-para-este-viernes","status":"publish","type":"post","link":"https:\/\/zoomproducciones.com.ar\/zoomp\/uta-amenaza-con-un-paro-de-colectivos-para-este-viernes\/","title":{"rendered":"UTA amenaza con un paro de colectivos para este viernes"},"content":{"rendered":"\n<p>El secretario general de la UTA-Corrientes, Jos\u00e9 Luis Sabao, adelant\u00f3 la posibilidad de que este viernes se concrete un nuevo paro de colectivos que se extender\u00eda por 24 horas.\u00a0<\/p>\n\n\n\n<p>El mismo se llevar\u00eda adelante \u00aben caso de no cobrar el sueldo en el cuarto d\u00eda habil como corresponde\u00bb, el cual ser\u00eda este jueves 6 de julio. <\/p>\n\n\n\n<p>A su vez, Sabao le coment\u00f3 a Radio Dos que la medida de fuerza se extender\u00e1 en principio por 24 horas, pero aclar\u00f3 que esa cuesti\u00f3n lo resolver\u00e1n en asamblea sobre cuanto podr\u00eda durar el paro.\u00a0<\/p>\n","protected":false},"excerpt":{"rendered":"<p>El secretario general de la UTA-Corrientes, Jos\u00e9 Luis Sabao, adelant\u00f3 la posibilidad de que este viernes se concrete un nuevo paro de colectivos que se extender\u00eda por 24 horas.\u00a0 El mismo se llevar\u00eda adelante \u00aben caso de no cobrar el sueldo en el cuarto d\u00eda habil como corresponde\u00bb, el cual ser\u00eda este jueves 6 de [&hellip;]<\/p>\n","protected":false},"author":2,"featured_media":0,"comment_status":"closed","ping_status":"open","sticky":false,"template":"","format":"standard","meta":{"footnotes":""},"categories":[5],"tags":[42,116,124],"class_list":{"0":"post-7259","1":"post","2":"type-post","3":"status-publish","4":"format-standard","6":"category-locales","7":"tag-featured","8":"tag-paso-de-los-libres","9":"tag-tig"},"_links":{"self":[{"href":"https:\/\/zoomproducciones.com.ar\/zoomp\/wp-json\/wp\/v2\/posts\/7259","targetHints":{"allow":["GET"]}}],"collection":[{"href":"https:\/\/zoomproducciones.com.ar\/zoomp\/wp-json\/wp\/v2\/posts"}],"about":[{"href":"https:\/\/zoomproducciones.com.ar\/zoomp\/wp-json\/wp\/v2\/types\/post"}],"author":[{"embeddable":true,"href":"https:\/\/zoomproducciones.com.ar\/zoomp\/wp-json\/wp\/v2\/users\/2"}],"replies":[{"embeddable":true,"href":"https:\/\/zoomproducciones.com.ar\/zoomp\/wp-json\/wp\/v2\/comments?post=7259"}],"version-history":[{"count":3,"href":"https:\/\/zoomproducciones.com.ar\/zoomp\/wp-json\/wp\/v2\/posts\/7259\/revisions"}],"predecessor-version":[{"id":7279,"href":"https:\/\/zoomproducciones.com.ar\/zoomp\/wp-json\/wp\/v2\/posts\/7259\/revisions\/7279"}],"wp:attachment":[{"href":"https:\/\/zoomproducciones.com.ar\/zoomp\/wp-json\/wp\/v2\/media?parent=7259"}],"wp:term":[{"taxonomy":"category","embeddable":true,"href":"https:\/\/zoomproducciones.com.ar\/zoomp\/wp-json\/wp\/v2\/categories?post=7259"},{"taxonomy":"post_tag","embeddable":true,"href":"https:\/\/zoomproducciones.com.ar\/zoomp\/wp-json\/wp\/v2\/tags?post=7259"}],"curies":[{"name":"wp","href":"https:\/\/api.w.org\/{rel}","templated":true}]}}