{"id":7252,"date":"2023-07-05T12:07:03","date_gmt":"2023-07-05T15:07:03","guid":{"rendered":"http:\/\/zoomproducciones.com.ar\/zoomp\/?p=7252"},"modified":"2023-07-05T12:07:03","modified_gmt":"2023-07-05T15:07:03","slug":"el-municipio-decreto-duelo-por-la-muerte-de-cristian-gonzalez","status":"publish","type":"post","link":"https:\/\/zoomproducciones.com.ar\/zoomp\/el-municipio-decreto-duelo-por-la-muerte-de-cristian-gonzalez\/","title":{"rendered":"El Municipio decret\u00f3 duelo por la muerte de Cristian Gonz\u00e1lez"},"content":{"rendered":"\n<p>En un comunicado p\u00fablicado v\u00eda redes sociales, el Municipio de Paso de los Libres lament\u00f3 el fallecimiento del hombre que sufri\u00f3 un accidente mientras trabajaba. &#8216;<strong>&#8216;La familia municipal de Paso de los Libres, lamenta con profunda tristeza el fallecimiento de Cristian Gonz\u00e1lez<\/strong>, compa\u00f1ero empleado municipal de la Direcci\u00f3n de Alumbrado P\u00fablico\u00bb. <\/p>\n\n\n\n<p>\u00bbAcompa\u00f1amos a sus familiares, amigos, allegados y compa\u00f1eros de trabajo en este dif\u00eccil momento y elevamos nuestras plegarias para el eterno descanso de una excelente persona como Cristian\u00bb.<\/p>\n\n\n\n<p>\u00bbAnte la triste situaci\u00f3n, <strong>el Municipio de Paso de los Libres resolvi\u00f3 decretar duelo por 24 hs<\/strong> en todo el territorio de la ciudad y<strong> asueto para el personal de la administraci\u00f3n p\u00fablica municipal<\/strong> con el objetivo que podamos acompa\u00f1ar a la familia Gonz\u00e1lez en este dif\u00edcil momento\u00bb comentaron. <\/p>\n","protected":false},"excerpt":{"rendered":"<p>En un comunicado p\u00fablicado v\u00eda redes sociales, el Municipio de Paso de los Libres lament\u00f3 el fallecimiento del hombre que sufri\u00f3 un accidente mientras trabajaba. &#8216;&#8216;La familia municipal de Paso de los Libres, lamenta con profunda tristeza el fallecimiento de Cristian Gonz\u00e1lez, compa\u00f1ero empleado municipal de la Direcci\u00f3n de Alumbrado P\u00fablico\u00bb. \u00bbAcompa\u00f1amos a sus familiares, [&hellip;]<\/p>\n","protected":false},"author":2,"featured_media":0,"comment_status":"closed","ping_status":"open","sticky":false,"template":"","format":"standard","meta":{"footnotes":""},"categories":[5],"tags":[42,116],"class_list":{"0":"post-7252","1":"post","2":"type-post","3":"status-publish","4":"format-standard","6":"category-locales","7":"tag-featured","8":"tag-paso-de-los-libres"},"_links":{"self":[{"href":"https:\/\/zoomproducciones.com.ar\/zoomp\/wp-json\/wp\/v2\/posts\/7252","targetHints":{"allow":["GET"]}}],"collection":[{"href":"https:\/\/zoomproducciones.com.ar\/zoomp\/wp-json\/wp\/v2\/posts"}],"about":[{"href":"https:\/\/zoomproducciones.com.ar\/zoomp\/wp-json\/wp\/v2\/types\/post"}],"author":[{"embeddable":true,"href":"https:\/\/zoomproducciones.com.ar\/zoomp\/wp-json\/wp\/v2\/users\/2"}],"replies":[{"embeddable":true,"href":"https:\/\/zoomproducciones.com.ar\/zoomp\/wp-json\/wp\/v2\/comments?post=7252"}],"version-history":[{"count":1,"href":"https:\/\/zoomproducciones.com.ar\/zoomp\/wp-json\/wp\/v2\/posts\/7252\/revisions"}],"predecessor-version":[{"id":7253,"href":"https:\/\/zoomproducciones.com.ar\/zoomp\/wp-json\/wp\/v2\/posts\/7252\/revisions\/7253"}],"wp:attachment":[{"href":"https:\/\/zoomproducciones.com.ar\/zoomp\/wp-json\/wp\/v2\/media?parent=7252"}],"wp:term":[{"taxonomy":"category","embeddable":true,"href":"https:\/\/zoomproducciones.com.ar\/zoomp\/wp-json\/wp\/v2\/categories?post=7252"},{"taxonomy":"post_tag","embeddable":true,"href":"https:\/\/zoomproducciones.com.ar\/zoomp\/wp-json\/wp\/v2\/tags?post=7252"}],"curies":[{"name":"wp","href":"https:\/\/api.w.org\/{rel}","templated":true}]}}