{"id":7215,"date":"2023-07-04T23:39:48","date_gmt":"2023-07-05T02:39:48","guid":{"rendered":"http:\/\/zoomproducciones.com.ar\/zoomp\/?p=7215"},"modified":"2023-07-05T00:24:28","modified_gmt":"2023-07-05T03:24:28","slug":"velez-consiguio-un-importantisimo-triunfo-en-el-inicio-de-la-fecha-23","status":"publish","type":"post","link":"https:\/\/zoomproducciones.com.ar\/zoomp\/velez-consiguio-un-importantisimo-triunfo-en-el-inicio-de-la-fecha-23\/","title":{"rendered":"V\u00e9lez consigui\u00f3 un important\u00edsimo triunfo en el inicio de la fecha 23"},"content":{"rendered":"\n<p>Como visitante, <em>\u00abEl Fort\u00edn\u00bb<\/em> derrot\u00f3 a&nbsp;Lan\u00fas&nbsp;por 1-0&nbsp;este martes en el primer partido jugado de&nbsp;la veg\u00e9simo tercera fecha de la&nbsp;Liga Profesional de F\u00fatbol&nbsp;(LPF). <\/p>\n\n\n\n<p>As\u00ed, con gol de&nbsp;Walter Bou, los dirigidos por Sebasti\u00e1n M\u00e9ndez&nbsp;consiguieron su segundo triunfo al hilo para empezar a&nbsp;alejarse de la zona de descenso<\/p>\n\n\n\n<p>En el primer tiempo,&nbsp;la visita encontr\u00f3 la ventaja.&nbsp;Gianluca Prestianni, a pura gambeta, dej\u00f3 atr\u00e1s a tres rivales y mand\u00f3 un centro que aprovech\u00f3&nbsp;Walter Bou&nbsp;para adelantar en el marcador a&nbsp;V\u00e9lez.&nbsp;<\/p>\n\n\n\n<p><\/p>\n\n\n\n<blockquote class=\"twitter-tweet\"><p lang=\"es\" dir=\"ltr\">\u00a1ARRIBA EL FORT\u00cdN! &#x26aa;&#x1f535;<br><br>Pestianni empez\u00f3 a encarar, hizo un jugad\u00f3n y tir\u00f3 el centro. Walter Bou encontr\u00f3 el rebote y puso el 1 a 0 de V\u00e9lez ante Lan\u00fas.<a href=\"https:\/\/twitter.com\/hashtag\/LPFxTNTSports?src=hash&amp;ref_src=twsrc%5Etfw\">#LPFxTNTSports<\/a> <a href=\"https:\/\/t.co\/7gYYl2QcJT\">pic.twitter.com\/7gYYl2QcJT<\/a><\/p>&mdash; TNT Sports Argentina (@TNTSportsAR) <a href=\"https:\/\/twitter.com\/TNTSportsAR\/status\/1676378688978403328?ref_src=twsrc%5Etfw\">July 4, 2023<\/a><\/blockquote> <script async src=\"https:\/\/platform.twitter.com\/widgets.js\" charset=\"utf-8\"><\/script>\n\n\n\n<p><\/p>\n\n\n\n<p>En el complemento,&nbsp;Frank Kudelka&nbsp;fue aumentando la presi\u00f3n ofensiva de su equipo y el&nbsp;<em>Fort\u00edn<\/em>&nbsp;apost\u00f3 a aguantar&nbsp;y salir de contra. Y, si bien estuvo cerca de encadenar alguna en m\u00e1s de una ocasi\u00f3n, el anfitri\u00f3n fue claramente el m\u00e1s peligroso, aunque sin punter\u00eda.<\/p>\n\n\n\n<p>As\u00ed, el equipo de&nbsp;M\u00e9ndez&nbsp;se llev\u00f3 todo el premio a su eficacia y&nbsp;sue\u00f1a con un envi\u00f3n que lo eyecte de los inc\u00f3modos fondos de las tablas.&nbsp;Por lo pronto, con un partido m\u00e1s,&nbsp;le sac\u00f3 cinco puntos a&nbsp;Hurac\u00e1n,&nbsp;quien ocupa el puesto condenatorio por el momento.<\/p>\n\n\n\n<p><\/p>\n\n\n\n<blockquote class=\"twitter-tweet\"><p lang=\"es\" dir=\"ltr\">\u00a1El Fort\u00edn se llev\u00f3 los tres puntos! Con gol de Walter Bou, <a href=\"https:\/\/twitter.com\/Velez?ref_src=twsrc%5Etfw\">@Velez<\/a> derrot\u00f3 1 a 0 a <a href=\"https:\/\/twitter.com\/clublanus?ref_src=twsrc%5Etfw\">@clublanus<\/a> en el arranque de la <a href=\"https:\/\/twitter.com\/hashtag\/Fecha23?src=hash&amp;ref_src=twsrc%5Etfw\">#Fecha23<\/a> del <a href=\"https:\/\/twitter.com\/hashtag\/TorneoBinance?src=hash&amp;ref_src=twsrc%5Etfw\">#TorneoBinance<\/a> <a href=\"https:\/\/t.co\/D2SiiAk4wl\">pic.twitter.com\/D2SiiAk4wl<\/a><\/p>&mdash; Liga Profesional de F\u00fatbol (@LigaAFA) <a href=\"https:\/\/twitter.com\/LigaAFA\/status\/1676394554969260034?ref_src=twsrc%5Etfw\">July 5, 2023<\/a><\/blockquote> <script async src=\"https:\/\/platform.twitter.com\/widgets.js\" charset=\"utf-8\"><\/script>\n","protected":false},"excerpt":{"rendered":"<p>Como visitante, \u00abEl Fort\u00edn\u00bb derrot\u00f3 a&nbsp;Lan\u00fas&nbsp;por 1-0&nbsp;este martes en el primer partido jugado de&nbsp;la veg\u00e9simo tercera fecha de la&nbsp;Liga Profesional de F\u00fatbol&nbsp;(LPF). As\u00ed, con gol de&nbsp;Walter Bou, los dirigidos por Sebasti\u00e1n M\u00e9ndez&nbsp;consiguieron su segundo triunfo al hilo para empezar a&nbsp;alejarse de la zona de descenso En el primer tiempo,&nbsp;la visita encontr\u00f3 la ventaja.&nbsp;Gianluca Prestianni, a [&hellip;]<\/p>\n","protected":false},"author":2,"featured_media":0,"comment_status":"closed","ping_status":"open","sticky":false,"template":"","format":"standard","meta":{"footnotes":""},"categories":[470],"tags":[],"class_list":{"0":"post-7215","1":"post","2":"type-post","3":"status-publish","4":"format-standard","6":"category-liga-profesional"},"_links":{"self":[{"href":"https:\/\/zoomproducciones.com.ar\/zoomp\/wp-json\/wp\/v2\/posts\/7215","targetHints":{"allow":["GET"]}}],"collection":[{"href":"https:\/\/zoomproducciones.com.ar\/zoomp\/wp-json\/wp\/v2\/posts"}],"about":[{"href":"https:\/\/zoomproducciones.com.ar\/zoomp\/wp-json\/wp\/v2\/types\/post"}],"author":[{"embeddable":true,"href":"https:\/\/zoomproducciones.com.ar\/zoomp\/wp-json\/wp\/v2\/users\/2"}],"replies":[{"embeddable":true,"href":"https:\/\/zoomproducciones.com.ar\/zoomp\/wp-json\/wp\/v2\/comments?post=7215"}],"version-history":[{"count":2,"href":"https:\/\/zoomproducciones.com.ar\/zoomp\/wp-json\/wp\/v2\/posts\/7215\/revisions"}],"predecessor-version":[{"id":7219,"href":"https:\/\/zoomproducciones.com.ar\/zoomp\/wp-json\/wp\/v2\/posts\/7215\/revisions\/7219"}],"wp:attachment":[{"href":"https:\/\/zoomproducciones.com.ar\/zoomp\/wp-json\/wp\/v2\/media?parent=7215"}],"wp:term":[{"taxonomy":"category","embeddable":true,"href":"https:\/\/zoomproducciones.com.ar\/zoomp\/wp-json\/wp\/v2\/categories?post=7215"},{"taxonomy":"post_tag","embeddable":true,"href":"https:\/\/zoomproducciones.com.ar\/zoomp\/wp-json\/wp\/v2\/tags?post=7215"}],"curies":[{"name":"wp","href":"https:\/\/api.w.org\/{rel}","templated":true}]}}