{"id":719,"date":"2022-09-13T09:35:14","date_gmt":"2022-09-13T12:35:14","guid":{"rendered":"http:\/\/zoomproducciones.com.ar\/zoomp\/?p=719"},"modified":"2022-09-13T09:35:15","modified_gmt":"2022-09-13T12:35:15","slug":"bomberos-correntinos-parten-a-jujuy-para-combatir-el-fuego","status":"publish","type":"post","link":"https:\/\/zoomproducciones.com.ar\/zoomp\/bomberos-correntinos-parten-a-jujuy-para-combatir-el-fuego\/","title":{"rendered":"Bomberos correntinos parten a Jujuy para combatir el fuego"},"content":{"rendered":"\n<p>Corrientes brindar\u00e1 ayuda a Jujuy tras los incendios que est\u00e1 sufriendo la provincia. M\u00e1s de sesenta bomberos y quince camiones partieron hacia el norte del pa\u00eds. \u00bbAs\u00ed como ellos vinieron a ayudarnos, ahora lo haremos nosotros\u00bb asegur\u00f3 Gustavo Vald\u00e9s. <\/p>\n\n\n\n<p>Jujuy se encuentra atravesando un momento cr\u00edtico en cu\u00e1nto incendios. En ese sentido, el Gobernador de Corrientes inform\u00f3 el pasado lunes que enviar\u00edan bomberos y camiones para ayudar a la situaci\u00f3n. \u00abAs\u00ed como ellos vinieron ayudarnos, ahora lo haremos nosotros\u00bb.<\/p>\n\n\n\n<p>Aproximadamente 66 bomberos, 15 camiones 0km de primer ataque, 1 de log\u00edstica y 3 cisterna parten con destino a Jujuy.<\/p>\n\n\n\n<p>\u00abEsto se da en el marco de una solicitud por parte del gobernador de Jujuy, Gerardo Morales hacia el gobernador correntino, qui\u00e9n inmediatamente respondi\u00f3 a la misma\u00bb, explic\u00f3 Eulogio M\u00e1rquez, Director de Defensa Civil de la provincia.<\/p>\n\n\n\n<p>En materia de incendios en la provincia, Vald\u00e9s asever\u00f3 que Corrientes no se encuentra sufriendo incendios en ese momento, pero que insisten en poder adquirir la compra de 20 camiones de bomberos que \u00bbNaci\u00f3n no autoriza\u00bb. <\/p>\n","protected":false},"excerpt":{"rendered":"<p>Corrientes brindar\u00e1 ayuda a Jujuy tras los incendios que est\u00e1 sufriendo la provincia. M\u00e1s de sesenta bomberos y quince camiones partieron hacia el norte del pa\u00eds. \u00bbAs\u00ed como ellos vinieron a ayudarnos, ahora lo haremos nosotros\u00bb asegur\u00f3 Gustavo Vald\u00e9s. Jujuy se encuentra atravesando un momento cr\u00edtico en cu\u00e1nto incendios. En ese sentido, el Gobernador de [&hellip;]<\/p>\n","protected":false},"author":4,"featured_media":0,"comment_status":"closed","ping_status":"open","sticky":false,"template":"","format":"standard","meta":{"footnotes":""},"categories":[6,3],"tags":[125,42,113],"class_list":{"0":"post-719","1":"post","2":"type-post","3":"status-publish","4":"format-standard","6":"category-infogral","7":"category-provinciales","8":"tag-corrientes","9":"tag-featured","10":"tag-gobierno-provincial"},"_links":{"self":[{"href":"https:\/\/zoomproducciones.com.ar\/zoomp\/wp-json\/wp\/v2\/posts\/719","targetHints":{"allow":["GET"]}}],"collection":[{"href":"https:\/\/zoomproducciones.com.ar\/zoomp\/wp-json\/wp\/v2\/posts"}],"about":[{"href":"https:\/\/zoomproducciones.com.ar\/zoomp\/wp-json\/wp\/v2\/types\/post"}],"author":[{"embeddable":true,"href":"https:\/\/zoomproducciones.com.ar\/zoomp\/wp-json\/wp\/v2\/users\/4"}],"replies":[{"embeddable":true,"href":"https:\/\/zoomproducciones.com.ar\/zoomp\/wp-json\/wp\/v2\/comments?post=719"}],"version-history":[{"count":1,"href":"https:\/\/zoomproducciones.com.ar\/zoomp\/wp-json\/wp\/v2\/posts\/719\/revisions"}],"predecessor-version":[{"id":721,"href":"https:\/\/zoomproducciones.com.ar\/zoomp\/wp-json\/wp\/v2\/posts\/719\/revisions\/721"}],"wp:attachment":[{"href":"https:\/\/zoomproducciones.com.ar\/zoomp\/wp-json\/wp\/v2\/media?parent=719"}],"wp:term":[{"taxonomy":"category","embeddable":true,"href":"https:\/\/zoomproducciones.com.ar\/zoomp\/wp-json\/wp\/v2\/categories?post=719"},{"taxonomy":"post_tag","embeddable":true,"href":"https:\/\/zoomproducciones.com.ar\/zoomp\/wp-json\/wp\/v2\/tags?post=719"}],"curies":[{"name":"wp","href":"https:\/\/api.w.org\/{rel}","templated":true}]}}