{"id":6802,"date":"2023-06-26T07:53:55","date_gmt":"2023-06-26T10:53:55","guid":{"rendered":"http:\/\/zoomproducciones.com.ar\/zoomp\/?p=6802"},"modified":"2023-06-26T11:44:50","modified_gmt":"2023-06-26T14:44:50","slug":"comenzo-el-pago-de-sueldos-para-trabajadores-provinciales-y-jubilados","status":"publish","type":"post","link":"https:\/\/zoomproducciones.com.ar\/zoomp\/comenzo-el-pago-de-sueldos-para-trabajadores-provinciales-y-jubilados\/","title":{"rendered":"Comenz\u00f3 el pago de sueldos para trabajadores provinciales y jubilados"},"content":{"rendered":"\n<p>La semana pasada, Gustavo Vald\u00e9s comparti\u00f3 el cronograma de pagos para trabajadores provinciales activos y jubilados. El mismo se pagar\u00e1 por terminaci\u00f3n de DNI y est\u00e1 disponible, en cajeros, desde este s\u00e1bado 24 de junio.<\/p>\n\n\n\n<h2 class=\"wp-block-heading\">Cronograma:<\/h2>\n\n\n\n<ul class=\"wp-block-list\">\n<li>Lunes 26: 0 y 1*<\/li>\n\n\n\n<li>Martes 27: 2 y 3<\/li>\n\n\n\n<li>Mi\u00e9rcoles 28: 4 y 5<\/li>\n\n\n\n<li>Jueves 29: 6 y 7<\/li>\n\n\n\n<li>Viernes 30: 8 y 9<\/li>\n\n\n\n<li>En cajeros, s\u00e1bado 24.<\/li>\n<\/ul>\n","protected":false},"excerpt":{"rendered":"<p>La semana pasada, Gustavo Vald\u00e9s comparti\u00f3 el cronograma de pagos para trabajadores provinciales activos y jubilados. El mismo se pagar\u00e1 por terminaci\u00f3n de DNI y est\u00e1 disponible, en cajeros, desde este s\u00e1bado 24 de junio. Cronograma:<\/p>\n","protected":false},"author":2,"featured_media":0,"comment_status":"closed","ping_status":"open","sticky":false,"template":"","format":"standard","meta":{"footnotes":""},"categories":[3],"tags":[125,113,123],"class_list":{"0":"post-6802","1":"post","2":"type-post","3":"status-publish","4":"format-standard","6":"category-provinciales","7":"tag-corrientes","8":"tag-gobierno-provincial","9":"tag-gustavo-valdes"},"_links":{"self":[{"href":"https:\/\/zoomproducciones.com.ar\/zoomp\/wp-json\/wp\/v2\/posts\/6802","targetHints":{"allow":["GET"]}}],"collection":[{"href":"https:\/\/zoomproducciones.com.ar\/zoomp\/wp-json\/wp\/v2\/posts"}],"about":[{"href":"https:\/\/zoomproducciones.com.ar\/zoomp\/wp-json\/wp\/v2\/types\/post"}],"author":[{"embeddable":true,"href":"https:\/\/zoomproducciones.com.ar\/zoomp\/wp-json\/wp\/v2\/users\/2"}],"replies":[{"embeddable":true,"href":"https:\/\/zoomproducciones.com.ar\/zoomp\/wp-json\/wp\/v2\/comments?post=6802"}],"version-history":[{"count":1,"href":"https:\/\/zoomproducciones.com.ar\/zoomp\/wp-json\/wp\/v2\/posts\/6802\/revisions"}],"predecessor-version":[{"id":6803,"href":"https:\/\/zoomproducciones.com.ar\/zoomp\/wp-json\/wp\/v2\/posts\/6802\/revisions\/6803"}],"wp:attachment":[{"href":"https:\/\/zoomproducciones.com.ar\/zoomp\/wp-json\/wp\/v2\/media?parent=6802"}],"wp:term":[{"taxonomy":"category","embeddable":true,"href":"https:\/\/zoomproducciones.com.ar\/zoomp\/wp-json\/wp\/v2\/categories?post=6802"},{"taxonomy":"post_tag","embeddable":true,"href":"https:\/\/zoomproducciones.com.ar\/zoomp\/wp-json\/wp\/v2\/tags?post=6802"}],"curies":[{"name":"wp","href":"https:\/\/api.w.org\/{rel}","templated":true}]}}