{"id":671,"date":"2022-09-07T09:20:14","date_gmt":"2022-09-07T12:20:14","guid":{"rendered":"http:\/\/zoomproducciones.com.ar\/zoomp\/?p=671"},"modified":"2022-09-07T09:20:33","modified_gmt":"2022-09-07T12:20:33","slug":"desde-nacion-niegan-que-hayan-habido-ajustes-en-discapacidad","status":"publish","type":"post","link":"https:\/\/zoomproducciones.com.ar\/zoomp\/desde-nacion-niegan-que-hayan-habido-ajustes-en-discapacidad\/","title":{"rendered":"Desde Naci\u00f3n niegan que hayan habido ajustes en Discapacidad"},"content":{"rendered":"\n<p>Daniel Spadone, gerente de Superintendencia de Servicios de la Salud de la Naci\u00f3n, neg\u00f3 la posibilidad de que hayan existido recortes en el \u00e1rea de Discapacidad. Vale aclarar que las movilizaciones en todo el pa\u00eds reclamaban pagos atrasados. \u00bbNo hay ning\u00fan atraso, ayer se regularizaron los pagos\u00bb explic\u00f3 el funcionario a radio LT7.<\/p>\n\n\n\n<p>Tras las movilizaciones en todo el pa\u00eds bajo el lema de \u00bbno al ajuste en Discapacidad\u00bb en donde denunciaban atraso en los pagos, Daniel Spadone, gerente de Superintendencia de Servicios de Salud, neg\u00f3 la posibilidad de tal recorte. <\/p>\n\n\n\n<p>\u00abNo hay ning\u00fan atraso, ayer se regularizaron los pagos, tantos de Incluir Salud que es la Agencia Nacional de Discapacidad como las obras sociales nacionales. Para tranquilidad de los familiares no hubo tal ajuste\u00bb, dijo a LT7.<\/p>\n\n\n\n<p>\u00abHay que distinguir beneficiaros y prestadores, de los beneficiarios no ten\u00edamos ninguna quejas y de los prestadores hicieron su reclamos porque hab\u00eda en algunos lugares atraso en las facturas. &nbsp;Se intent\u00f3 vender que era un ajuste en materia de discapacidad pero nada m\u00e1s lejos que esto. La cuenta de dicacidad no corresponde al Tesoro Nacional por eso es intocable\u00bb, asegur\u00f3 Spadone.&nbsp;<\/p>\n","protected":false},"excerpt":{"rendered":"<p>Daniel Spadone, gerente de Superintendencia de Servicios de la Salud de la Naci\u00f3n, neg\u00f3 la posibilidad de que hayan existido recortes en el \u00e1rea de Discapacidad. Vale aclarar que las movilizaciones en todo el pa\u00eds reclamaban pagos atrasados. \u00bbNo hay ning\u00fan atraso, ayer se regularizaron los pagos\u00bb explic\u00f3 el funcionario a radio LT7. Tras las [&hellip;]<\/p>\n","protected":false},"author":4,"featured_media":0,"comment_status":"closed","ping_status":"open","sticky":false,"template":"","format":"standard","meta":{"footnotes":""},"categories":[6,8],"tags":[42,117],"class_list":{"0":"post-671","1":"post","2":"type-post","3":"status-publish","4":"format-standard","6":"category-infogral","7":"category-nacionales","8":"tag-featured","9":"tag-gobierno-nacional"},"_links":{"self":[{"href":"https:\/\/zoomproducciones.com.ar\/zoomp\/wp-json\/wp\/v2\/posts\/671","targetHints":{"allow":["GET"]}}],"collection":[{"href":"https:\/\/zoomproducciones.com.ar\/zoomp\/wp-json\/wp\/v2\/posts"}],"about":[{"href":"https:\/\/zoomproducciones.com.ar\/zoomp\/wp-json\/wp\/v2\/types\/post"}],"author":[{"embeddable":true,"href":"https:\/\/zoomproducciones.com.ar\/zoomp\/wp-json\/wp\/v2\/users\/4"}],"replies":[{"embeddable":true,"href":"https:\/\/zoomproducciones.com.ar\/zoomp\/wp-json\/wp\/v2\/comments?post=671"}],"version-history":[{"count":1,"href":"https:\/\/zoomproducciones.com.ar\/zoomp\/wp-json\/wp\/v2\/posts\/671\/revisions"}],"predecessor-version":[{"id":673,"href":"https:\/\/zoomproducciones.com.ar\/zoomp\/wp-json\/wp\/v2\/posts\/671\/revisions\/673"}],"wp:attachment":[{"href":"https:\/\/zoomproducciones.com.ar\/zoomp\/wp-json\/wp\/v2\/media?parent=671"}],"wp:term":[{"taxonomy":"category","embeddable":true,"href":"https:\/\/zoomproducciones.com.ar\/zoomp\/wp-json\/wp\/v2\/categories?post=671"},{"taxonomy":"post_tag","embeddable":true,"href":"https:\/\/zoomproducciones.com.ar\/zoomp\/wp-json\/wp\/v2\/tags?post=671"}],"curies":[{"name":"wp","href":"https:\/\/api.w.org\/{rel}","templated":true}]}}