{"id":658,"date":"2022-09-05T20:43:22","date_gmt":"2022-09-05T23:43:22","guid":{"rendered":"http:\/\/zoomproducciones.com.ar\/zoomp\/?p=658"},"modified":"2022-09-05T22:02:45","modified_gmt":"2022-09-06T01:02:45","slug":"daniel-merlo-renuncio-como-director-de-prensa-municipal","status":"publish","type":"post","link":"https:\/\/zoomproducciones.com.ar\/zoomp\/daniel-merlo-renuncio-como-director-de-prensa-municipal\/","title":{"rendered":"Daniel Merlo renunci\u00f3 como Director de Prensa Municipal"},"content":{"rendered":"\n<p>Daniel Merlo Wandelow renunci\u00f3 a su cargo como Director de Prensa Municipal este lunes de ma\u00f1ana. El motivo tiene que ver \u00fanicamente con motivos personales. Por el momento se espera la designaci\u00f3n oficial de una nueva persona para el cargo.<\/p>\n","protected":false},"excerpt":{"rendered":"<p>Daniel Merlo Wandelow renunci\u00f3 a su cargo como Director de Prensa Municipal este lunes de ma\u00f1ana. El motivo tiene que ver \u00fanicamente con motivos personales. Por el momento se espera la designaci\u00f3n oficial de una nueva persona para el cargo.<\/p>\n","protected":false},"author":4,"featured_media":0,"comment_status":"closed","ping_status":"open","sticky":false,"template":"","format":"standard","meta":{"footnotes":""},"categories":[6],"tags":[42,116],"class_list":{"0":"post-658","1":"post","2":"type-post","3":"status-publish","4":"format-standard","6":"category-infogral","7":"tag-featured","8":"tag-paso-de-los-libres"},"_links":{"self":[{"href":"https:\/\/zoomproducciones.com.ar\/zoomp\/wp-json\/wp\/v2\/posts\/658","targetHints":{"allow":["GET"]}}],"collection":[{"href":"https:\/\/zoomproducciones.com.ar\/zoomp\/wp-json\/wp\/v2\/posts"}],"about":[{"href":"https:\/\/zoomproducciones.com.ar\/zoomp\/wp-json\/wp\/v2\/types\/post"}],"author":[{"embeddable":true,"href":"https:\/\/zoomproducciones.com.ar\/zoomp\/wp-json\/wp\/v2\/users\/4"}],"replies":[{"embeddable":true,"href":"https:\/\/zoomproducciones.com.ar\/zoomp\/wp-json\/wp\/v2\/comments?post=658"}],"version-history":[{"count":2,"href":"https:\/\/zoomproducciones.com.ar\/zoomp\/wp-json\/wp\/v2\/posts\/658\/revisions"}],"predecessor-version":[{"id":663,"href":"https:\/\/zoomproducciones.com.ar\/zoomp\/wp-json\/wp\/v2\/posts\/658\/revisions\/663"}],"wp:attachment":[{"href":"https:\/\/zoomproducciones.com.ar\/zoomp\/wp-json\/wp\/v2\/media?parent=658"}],"wp:term":[{"taxonomy":"category","embeddable":true,"href":"https:\/\/zoomproducciones.com.ar\/zoomp\/wp-json\/wp\/v2\/categories?post=658"},{"taxonomy":"post_tag","embeddable":true,"href":"https:\/\/zoomproducciones.com.ar\/zoomp\/wp-json\/wp\/v2\/tags?post=658"}],"curies":[{"name":"wp","href":"https:\/\/api.w.org\/{rel}","templated":true}]}}