{"id":638,"date":"2022-09-02T12:06:11","date_gmt":"2022-09-02T15:06:11","guid":{"rendered":"http:\/\/zoomproducciones.com.ar\/zoomp\/?p=638"},"modified":"2022-09-02T12:06:11","modified_gmt":"2022-09-02T15:06:11","slug":"concejo-deliberante-miguel-arias-tambien-participara-de-la-sesion-extraordinaria","status":"publish","type":"post","link":"https:\/\/zoomproducciones.com.ar\/zoomp\/concejo-deliberante-miguel-arias-tambien-participara-de-la-sesion-extraordinaria\/","title":{"rendered":"Concejo Deliberante: Miguel Arias tambi\u00e9n participar\u00e1 de la sesi\u00f3n extraordinaria"},"content":{"rendered":"\n<p>El Diputado provincial, Miguel Arias, participar\u00e1 junto con el intendente Mart\u00edn Asc\u00faa y su gabinete en la sesi\u00f3n extraordinaria del Concejo Deliberante. El legislador correntino viaj\u00f3 hasta Paso de los Libres para ser parte de la sesi\u00f3n n\u00famero veintid\u00f3s del concejo, prevista en un primer momento para las 11:30. <\/p>\n\n\n\n<p>Tras el contexto pol\u00edtico que se encuentra atravesando el pa\u00eds, se confirm\u00f3 que la sesi\u00f3n n\u00famero veintid\u00f3s del concejo estar\u00e1 prevista para las 11:30. La sesi\u00f3n extraordinaria del Concejo, en principio, fue convocada por el mismo intendente Mart\u00edn Asc\u00faa, qui\u00e9n participar\u00e1 junto con todo su gabinete. <\/p>\n\n\n\n<p>Seg\u00fan informaci\u00f3n oficial, los bloques del Frente de Todos y ECO se reunir\u00edan bajo un mismo lema: pedir la paz y unidad.<\/p>\n","protected":false},"excerpt":{"rendered":"<p>El Diputado provincial, Miguel Arias, participar\u00e1 junto con el intendente Mart\u00edn Asc\u00faa y su gabinete en la sesi\u00f3n extraordinaria del Concejo Deliberante. El legislador correntino viaj\u00f3 hasta Paso de los Libres para ser parte de la sesi\u00f3n n\u00famero veintid\u00f3s del concejo, prevista en un primer momento para las 11:30. Tras el contexto pol\u00edtico que se [&hellip;]<\/p>\n","protected":false},"author":4,"featured_media":0,"comment_status":"closed","ping_status":"open","sticky":false,"template":"","format":"standard","meta":{"footnotes":""},"categories":[6,5],"tags":[136,42,150,116],"class_list":{"0":"post-638","1":"post","2":"type-post","3":"status-publish","4":"format-standard","6":"category-infogral","7":"category-locales","8":"tag-concejo-deliberante","9":"tag-featured","10":"tag-miguel-arias","11":"tag-paso-de-los-libres"},"_links":{"self":[{"href":"https:\/\/zoomproducciones.com.ar\/zoomp\/wp-json\/wp\/v2\/posts\/638","targetHints":{"allow":["GET"]}}],"collection":[{"href":"https:\/\/zoomproducciones.com.ar\/zoomp\/wp-json\/wp\/v2\/posts"}],"about":[{"href":"https:\/\/zoomproducciones.com.ar\/zoomp\/wp-json\/wp\/v2\/types\/post"}],"author":[{"embeddable":true,"href":"https:\/\/zoomproducciones.com.ar\/zoomp\/wp-json\/wp\/v2\/users\/4"}],"replies":[{"embeddable":true,"href":"https:\/\/zoomproducciones.com.ar\/zoomp\/wp-json\/wp\/v2\/comments?post=638"}],"version-history":[{"count":1,"href":"https:\/\/zoomproducciones.com.ar\/zoomp\/wp-json\/wp\/v2\/posts\/638\/revisions"}],"predecessor-version":[{"id":640,"href":"https:\/\/zoomproducciones.com.ar\/zoomp\/wp-json\/wp\/v2\/posts\/638\/revisions\/640"}],"wp:attachment":[{"href":"https:\/\/zoomproducciones.com.ar\/zoomp\/wp-json\/wp\/v2\/media?parent=638"}],"wp:term":[{"taxonomy":"category","embeddable":true,"href":"https:\/\/zoomproducciones.com.ar\/zoomp\/wp-json\/wp\/v2\/categories?post=638"},{"taxonomy":"post_tag","embeddable":true,"href":"https:\/\/zoomproducciones.com.ar\/zoomp\/wp-json\/wp\/v2\/tags?post=638"}],"curies":[{"name":"wp","href":"https:\/\/api.w.org\/{rel}","templated":true}]}}