{"id":635,"date":"2022-09-02T11:53:51","date_gmt":"2022-09-02T14:53:51","guid":{"rendered":"http:\/\/zoomproducciones.com.ar\/zoomp\/?p=635"},"modified":"2022-09-02T11:53:52","modified_gmt":"2022-09-02T14:53:52","slug":"diputados-y-senadores-correntinos-repudiaron-el-ataque-a-cristina-fernandez","status":"publish","type":"post","link":"https:\/\/zoomproducciones.com.ar\/zoomp\/diputados-y-senadores-correntinos-repudiaron-el-ataque-a-cristina-fernandez\/","title":{"rendered":"Diputados y Senadores correntinos repudiaron el ataque a Cristina Fern\u00e1ndez"},"content":{"rendered":"\n<p>Mediante un comunicado, Diputados y Senadores de Corrientes repudiaron el intento de asesinato a la vicepresidenta de la Naci\u00f3n y  llamaron a la Unidad Nacional. \u00bbActos de esta naturaleza, JAM\u00c1S deben ocurrir en nuestro pa\u00eds\u00bb dicta el texto presentado por los legisladores. <\/p>\n\n\n\n<p>Legisladores de ambas c\u00e1maras publicaron un comunicado repudiando el hecho sucedido ayer jueves, d\u00f3nde un sujeto intent\u00f3 asesinar a la vicepresidenta Cristina Kirchner. \u00bbDiputados y Senadores de la Provincia de Corrientes, condenamos enf\u00e1ticamente el atentado sufrido por la VicePresidenta de la Naci\u00f3n, Dra. Cristina Fern\u00e1ndez de Kirchner, ocurrido en el d\u00eda de ayer\u00bb dicta el documento.<\/p>\n\n\n\n<p>\u00bbActos de esta naturaleza, JAM\u00c1S deben ocurrir en nuestro pa\u00eds. Esta violencia constituye un atentado contra la democracia y las instituciones de la Rep\u00fablica\u00bb.<\/p>\n\n\n\n<p>En ese sentido, Diputados y Senadores llamaron a \u00bbla <strong>Unidad Nacional,<\/strong> y nos comprometemos a poner por encima de cada inter\u00e9s sectorial, los intereses de la Patria y as\u00ed poder recuperar el sendero de la paz social\u00bb. <\/p>\n\n\n\n<p>\u00bbConvocamos desde este lugar de responsabilidad que nos toca ocupar, a todos los sectores, tanto sociales como pol\u00edticos, a desalentar cualquier manifestaci\u00f3n que exacerbe aun m\u00e1s los \u00e1nimos\u00a0 y\u00a0 a reflexionar sobre el rol que nos toca, para poder construir una mejor democracia, aun en el disenso\u00bb finaliza el comunicado. <\/p>\n","protected":false},"excerpt":{"rendered":"<p>Mediante un comunicado, Diputados y Senadores de Corrientes repudiaron el intento de asesinato a la vicepresidenta de la Naci\u00f3n y llamaron a la Unidad Nacional. \u00bbActos de esta naturaleza, JAM\u00c1S deben ocurrir en nuestro pa\u00eds\u00bb dicta el texto presentado por los legisladores. Legisladores de ambas c\u00e1maras publicaron un comunicado repudiando el hecho sucedido ayer jueves, [&hellip;]<\/p>\n","protected":false},"author":4,"featured_media":0,"comment_status":"closed","ping_status":"open","sticky":false,"template":"","format":"standard","meta":{"footnotes":""},"categories":[6,3],"tags":[125,145,42,113],"class_list":{"0":"post-635","1":"post","2":"type-post","3":"status-publish","4":"format-standard","6":"category-infogral","7":"category-provinciales","8":"tag-corrientes","9":"tag-cristina-fernandez","10":"tag-featured","11":"tag-gobierno-provincial"},"_links":{"self":[{"href":"https:\/\/zoomproducciones.com.ar\/zoomp\/wp-json\/wp\/v2\/posts\/635","targetHints":{"allow":["GET"]}}],"collection":[{"href":"https:\/\/zoomproducciones.com.ar\/zoomp\/wp-json\/wp\/v2\/posts"}],"about":[{"href":"https:\/\/zoomproducciones.com.ar\/zoomp\/wp-json\/wp\/v2\/types\/post"}],"author":[{"embeddable":true,"href":"https:\/\/zoomproducciones.com.ar\/zoomp\/wp-json\/wp\/v2\/users\/4"}],"replies":[{"embeddable":true,"href":"https:\/\/zoomproducciones.com.ar\/zoomp\/wp-json\/wp\/v2\/comments?post=635"}],"version-history":[{"count":1,"href":"https:\/\/zoomproducciones.com.ar\/zoomp\/wp-json\/wp\/v2\/posts\/635\/revisions"}],"predecessor-version":[{"id":637,"href":"https:\/\/zoomproducciones.com.ar\/zoomp\/wp-json\/wp\/v2\/posts\/635\/revisions\/637"}],"wp:attachment":[{"href":"https:\/\/zoomproducciones.com.ar\/zoomp\/wp-json\/wp\/v2\/media?parent=635"}],"wp:term":[{"taxonomy":"category","embeddable":true,"href":"https:\/\/zoomproducciones.com.ar\/zoomp\/wp-json\/wp\/v2\/categories?post=635"},{"taxonomy":"post_tag","embeddable":true,"href":"https:\/\/zoomproducciones.com.ar\/zoomp\/wp-json\/wp\/v2\/tags?post=635"}],"curies":[{"name":"wp","href":"https:\/\/api.w.org\/{rel}","templated":true}]}}