{"id":630,"date":"2022-09-02T11:14:16","date_gmt":"2022-09-02T14:14:16","guid":{"rendered":"http:\/\/zoomproducciones.com.ar\/zoomp\/?p=630"},"modified":"2022-09-02T11:22:48","modified_gmt":"2022-09-02T14:22:48","slug":"martin-ascua-participara-de-la-sesion-extraordinaria-del-concejo","status":"publish","type":"post","link":"https:\/\/zoomproducciones.com.ar\/zoomp\/martin-ascua-participara-de-la-sesion-extraordinaria-del-concejo\/","title":{"rendered":"Mart\u00edn Asc\u00faa participar\u00e1 de la sesi\u00f3n extraordinaria del Concejo"},"content":{"rendered":"\n<p>El intendente Mart\u00edn Asc\u00faa participar\u00e1 junto con todo su gabinete en la sesi\u00f3n extraordinaria del Concejo Deliberante. Tras el contexto pol\u00edtico que se encuentra atravesando el pa\u00eds, se confirm\u00f3 que la sesi\u00f3n n\u00famero veintid\u00f3s del concejo estar\u00e1 prevista para las 11:30. <\/p>\n\n\n\n<p>En instantes se llevar\u00e1 a cabo una sesi\u00f3n extraordinaria en el Concejo, en principio, convocada por el mismo intendente Mart\u00edn Asc\u00faa. A la vez se habla de algo hist\u00f3rico ya que los bloques se reunir\u00edan bajo un mismo lema: pedir la paz y unidad. <\/p>\n","protected":false},"excerpt":{"rendered":"<p>El intendente Mart\u00edn Asc\u00faa participar\u00e1 junto con todo su gabinete en la sesi\u00f3n extraordinaria del Concejo Deliberante. Tras el contexto pol\u00edtico que se encuentra atravesando el pa\u00eds, se confirm\u00f3 que la sesi\u00f3n n\u00famero veintid\u00f3s del concejo estar\u00e1 prevista para las 11:30. En instantes se llevar\u00e1 a cabo una sesi\u00f3n extraordinaria en el Concejo, en principio, [&hellip;]<\/p>\n","protected":false},"author":4,"featured_media":0,"comment_status":"closed","ping_status":"open","sticky":false,"template":"","format":"standard","meta":{"footnotes":""},"categories":[6,5],"tags":[145,42,141,116],"class_list":{"0":"post-630","1":"post","2":"type-post","3":"status-publish","4":"format-standard","6":"category-infogral","7":"category-locales","8":"tag-cristina-fernandez","9":"tag-featured","10":"tag-martin-ascua","11":"tag-paso-de-los-libres"},"_links":{"self":[{"href":"https:\/\/zoomproducciones.com.ar\/zoomp\/wp-json\/wp\/v2\/posts\/630","targetHints":{"allow":["GET"]}}],"collection":[{"href":"https:\/\/zoomproducciones.com.ar\/zoomp\/wp-json\/wp\/v2\/posts"}],"about":[{"href":"https:\/\/zoomproducciones.com.ar\/zoomp\/wp-json\/wp\/v2\/types\/post"}],"author":[{"embeddable":true,"href":"https:\/\/zoomproducciones.com.ar\/zoomp\/wp-json\/wp\/v2\/users\/4"}],"replies":[{"embeddable":true,"href":"https:\/\/zoomproducciones.com.ar\/zoomp\/wp-json\/wp\/v2\/comments?post=630"}],"version-history":[{"count":2,"href":"https:\/\/zoomproducciones.com.ar\/zoomp\/wp-json\/wp\/v2\/posts\/630\/revisions"}],"predecessor-version":[{"id":634,"href":"https:\/\/zoomproducciones.com.ar\/zoomp\/wp-json\/wp\/v2\/posts\/630\/revisions\/634"}],"wp:attachment":[{"href":"https:\/\/zoomproducciones.com.ar\/zoomp\/wp-json\/wp\/v2\/media?parent=630"}],"wp:term":[{"taxonomy":"category","embeddable":true,"href":"https:\/\/zoomproducciones.com.ar\/zoomp\/wp-json\/wp\/v2\/categories?post=630"},{"taxonomy":"post_tag","embeddable":true,"href":"https:\/\/zoomproducciones.com.ar\/zoomp\/wp-json\/wp\/v2\/tags?post=630"}],"curies":[{"name":"wp","href":"https:\/\/api.w.org\/{rel}","templated":true}]}}