{"id":627,"date":"2022-09-02T11:00:06","date_gmt":"2022-09-02T14:00:06","guid":{"rendered":"http:\/\/zoomproducciones.com.ar\/zoomp\/?p=627"},"modified":"2022-09-02T11:00:07","modified_gmt":"2022-09-02T14:00:07","slug":"secuestraron-100-balas-en-la-casa-del-atacante-de-cfk","status":"publish","type":"post","link":"https:\/\/zoomproducciones.com.ar\/zoomp\/secuestraron-100-balas-en-la-casa-del-atacante-de-cfk\/","title":{"rendered":"Secuestraron 100 balas en la casa del atacante de CFK"},"content":{"rendered":"\n<p>Secuestraron un total de 100 proyectiles calibre 9 mil\u00edmetros en la vivienda de Fernando Andre Sabag, el hombre que gatill\u00f3 en la cabeza a la vicepresidenta Cristina Kirchner. El sujeto se encuentra detenido desde la noche del jueves. <\/p>\n\n\n\n<p>Fuentes policiales informaron que secuestraron un total de 100 proyectiles calibre 9 mil\u00edmetros en la vivienda de Fernando Andre Sabag, en el partido bonaerense de San Mart\u00edn. Los proyectiles se encontraban repartidos en dos cajas de 50 cada una. Sabag alquilaba esa vivienda hace ocho meses seg\u00fan T\u00e9lam.<\/p>\n\n\n\n<p>El sujeto que gatill\u00f3 en la cabeza de la vicepresidenta se encuentra ahora bajo detenci\u00f3n. Seguir\u00e1n las investigaciones que involucran al hecho producido en la noche de ayer. <\/p>\n\n\n\n<p><\/p>\n","protected":false},"excerpt":{"rendered":"<p>Secuestraron un total de 100 proyectiles calibre 9 mil\u00edmetros en la vivienda de Fernando Andre Sabag, el hombre que gatill\u00f3 en la cabeza a la vicepresidenta Cristina Kirchner. El sujeto se encuentra detenido desde la noche del jueves. Fuentes policiales informaron que secuestraron un total de 100 proyectiles calibre 9 mil\u00edmetros en la vivienda de [&hellip;]<\/p>\n","protected":false},"author":4,"featured_media":0,"comment_status":"closed","ping_status":"open","sticky":false,"template":"","format":"standard","meta":{"footnotes":""},"categories":[6,8],"tags":[118,145,42,117],"class_list":{"0":"post-627","1":"post","2":"type-post","3":"status-publish","4":"format-standard","6":"category-infogral","7":"category-nacionales","8":"tag-argentina","9":"tag-cristina-fernandez","10":"tag-featured","11":"tag-gobierno-nacional"},"_links":{"self":[{"href":"https:\/\/zoomproducciones.com.ar\/zoomp\/wp-json\/wp\/v2\/posts\/627","targetHints":{"allow":["GET"]}}],"collection":[{"href":"https:\/\/zoomproducciones.com.ar\/zoomp\/wp-json\/wp\/v2\/posts"}],"about":[{"href":"https:\/\/zoomproducciones.com.ar\/zoomp\/wp-json\/wp\/v2\/types\/post"}],"author":[{"embeddable":true,"href":"https:\/\/zoomproducciones.com.ar\/zoomp\/wp-json\/wp\/v2\/users\/4"}],"replies":[{"embeddable":true,"href":"https:\/\/zoomproducciones.com.ar\/zoomp\/wp-json\/wp\/v2\/comments?post=627"}],"version-history":[{"count":1,"href":"https:\/\/zoomproducciones.com.ar\/zoomp\/wp-json\/wp\/v2\/posts\/627\/revisions"}],"predecessor-version":[{"id":629,"href":"https:\/\/zoomproducciones.com.ar\/zoomp\/wp-json\/wp\/v2\/posts\/627\/revisions\/629"}],"wp:attachment":[{"href":"https:\/\/zoomproducciones.com.ar\/zoomp\/wp-json\/wp\/v2\/media?parent=627"}],"wp:term":[{"taxonomy":"category","embeddable":true,"href":"https:\/\/zoomproducciones.com.ar\/zoomp\/wp-json\/wp\/v2\/categories?post=627"},{"taxonomy":"post_tag","embeddable":true,"href":"https:\/\/zoomproducciones.com.ar\/zoomp\/wp-json\/wp\/v2\/tags?post=627"}],"curies":[{"name":"wp","href":"https:\/\/api.w.org\/{rel}","templated":true}]}}