{"id":624,"date":"2022-09-02T10:47:10","date_gmt":"2022-09-02T13:47:10","guid":{"rendered":"http:\/\/zoomproducciones.com.ar\/zoomp\/?p=624"},"modified":"2022-09-02T10:47:10","modified_gmt":"2022-09-02T13:47:10","slug":"senador-parrilli-cristina-esta-impactada-y-conmocionada","status":"publish","type":"post","link":"https:\/\/zoomproducciones.com.ar\/zoomp\/senador-parrilli-cristina-esta-impactada-y-conmocionada\/","title":{"rendered":"Senador Parrilli: \u00bbCristina est\u00e1 impactada y conmocionada\u00bb"},"content":{"rendered":"\n<p>Cristina Fern\u00e1ndez se encuentra en estado de shock, seg\u00fan lo confirm\u00f3 el senador nacional Oscar Parrilli. \u201cEst\u00e1 bien, por suerte, tiene su esp\u00edritu y temple intacto. En ese sentido, est\u00e1 bien\u201d y agreg\u00f3: \u00bb En el momento no se da cuenta. Ella no lo percibe, fue todo tan r\u00e1pido&#8230; cuando vio las im\u00e1genes arriba tom\u00f3 conciencia de la gravedad\u00bb.<\/p>\n\n\n\n<p>Tras el ataque que sufri\u00f3 la vicepresidenta en la noche del jueves, el senador del Frente de Todos, Oscar Parrilli, dijo en FM Nacional Rock: \u201cCristina est\u00e1 impactada y conmocionada por lo que sucedi\u00f3\u201d. \u201cEst\u00e1 bien, por suerte, tiene su esp\u00edritu y temple intacto. En ese sentido, est\u00e1 bien\u201d. <strong>\u201cCuando vio las im\u00e1genes arriba tom\u00f3 conciencia de la gravedad\u201d<\/strong>, a\u00f1adi\u00f3.<\/p>\n\n\n\n<p>Por otro lado, Parrilli opin\u00f3: \u201cten\u00eda el arma en la cara y fue Dios el que evit\u00f3 que esa bala salga de la rec\u00e1mara\u201d. \u201cHa sido una cosa muy seria, muy grave, muy conmocionante, que nos tiene que llamar a la reflexi\u00f3n y al cambio de actitud de ac\u00e1 en adelante en todos. Sobre todo a quienes fomentan y propician este discurso de odio\u201d.<\/p>\n","protected":false},"excerpt":{"rendered":"<p>Cristina Fern\u00e1ndez se encuentra en estado de shock, seg\u00fan lo confirm\u00f3 el senador nacional Oscar Parrilli. \u201cEst\u00e1 bien, por suerte, tiene su esp\u00edritu y temple intacto. En ese sentido, est\u00e1 bien\u201d y agreg\u00f3: \u00bb En el momento no se da cuenta. Ella no lo percibe, fue todo tan r\u00e1pido&#8230; cuando vio las im\u00e1genes arriba tom\u00f3 [&hellip;]<\/p>\n","protected":false},"author":4,"featured_media":0,"comment_status":"closed","ping_status":"open","sticky":false,"template":"","format":"standard","meta":{"footnotes":""},"categories":[6,8],"tags":[118,145,42,117],"class_list":{"0":"post-624","1":"post","2":"type-post","3":"status-publish","4":"format-standard","6":"category-infogral","7":"category-nacionales","8":"tag-argentina","9":"tag-cristina-fernandez","10":"tag-featured","11":"tag-gobierno-nacional"},"_links":{"self":[{"href":"https:\/\/zoomproducciones.com.ar\/zoomp\/wp-json\/wp\/v2\/posts\/624","targetHints":{"allow":["GET"]}}],"collection":[{"href":"https:\/\/zoomproducciones.com.ar\/zoomp\/wp-json\/wp\/v2\/posts"}],"about":[{"href":"https:\/\/zoomproducciones.com.ar\/zoomp\/wp-json\/wp\/v2\/types\/post"}],"author":[{"embeddable":true,"href":"https:\/\/zoomproducciones.com.ar\/zoomp\/wp-json\/wp\/v2\/users\/4"}],"replies":[{"embeddable":true,"href":"https:\/\/zoomproducciones.com.ar\/zoomp\/wp-json\/wp\/v2\/comments?post=624"}],"version-history":[{"count":1,"href":"https:\/\/zoomproducciones.com.ar\/zoomp\/wp-json\/wp\/v2\/posts\/624\/revisions"}],"predecessor-version":[{"id":626,"href":"https:\/\/zoomproducciones.com.ar\/zoomp\/wp-json\/wp\/v2\/posts\/624\/revisions\/626"}],"wp:attachment":[{"href":"https:\/\/zoomproducciones.com.ar\/zoomp\/wp-json\/wp\/v2\/media?parent=624"}],"wp:term":[{"taxonomy":"category","embeddable":true,"href":"https:\/\/zoomproducciones.com.ar\/zoomp\/wp-json\/wp\/v2\/categories?post=624"},{"taxonomy":"post_tag","embeddable":true,"href":"https:\/\/zoomproducciones.com.ar\/zoomp\/wp-json\/wp\/v2\/tags?post=624"}],"curies":[{"name":"wp","href":"https:\/\/api.w.org\/{rel}","templated":true}]}}