{"id":621,"date":"2022-09-02T07:58:30","date_gmt":"2022-09-02T10:58:30","guid":{"rendered":"http:\/\/zoomproducciones.com.ar\/zoomp\/?p=621"},"modified":"2022-09-02T07:58:31","modified_gmt":"2022-09-02T10:58:31","slug":"martin-ascua-definio-asueto-municipal-por-adhesion-al-feriado-nacional","status":"publish","type":"post","link":"https:\/\/zoomproducciones.com.ar\/zoomp\/martin-ascua-definio-asueto-municipal-por-adhesion-al-feriado-nacional\/","title":{"rendered":"Mart\u00edn Asc\u00faa defini\u00f3 asueto municipal por adhesi\u00f3n al feriado nacional"},"content":{"rendered":"\n<p>Mediante un comunicado, el intendente Mart\u00edn Asc\u00faa defini\u00f3 Asueto Municipal para este viernes 2 de septiembre. La medida es en adhesi\u00f3n al anuncio del presidente por el feriado nacional y abarca a todo el personal municipal. \u00bbPara que los agentes municipales puedan reflexionar, movilizarse y expresarse libremente en defensa de la Democracia y la Paz Social\u00bb.<\/p>\n\n\n\n<p>En relaci\u00f3n al ataque sufrido por la vicepresidenta y el anuncio del feriado nacional, Mart\u00edn Asc\u00faa decret\u00f3 Asueto Municipal para todo el personal municipal. <\/p>\n\n\n\n<p>\u00bbAnte este hecho que genera conmoci\u00f3n, el intendente Mart\u00edn Asc\u00faa dict\u00f3 Asueto Administrativo con el fin de garantizar la posibilidad de que los agentes municipales puedan reflexionar, movilizarse y expresarse libremente en defensa de la Democracia y la Paz Social\u00bb expresa el comunicado.<\/p>\n\n\n\n<p>El Municipio de Paso de los Libres garantiza las guardias pertinentes para asegurar el normal funcionamiento de los servicios esenciales e indispensables para la comunidad.<\/p>\n","protected":false},"excerpt":{"rendered":"<p>Mediante un comunicado, el intendente Mart\u00edn Asc\u00faa defini\u00f3 Asueto Municipal para este viernes 2 de septiembre. La medida es en adhesi\u00f3n al anuncio del presidente por el feriado nacional y abarca a todo el personal municipal. \u00bbPara que los agentes municipales puedan reflexionar, movilizarse y expresarse libremente en defensa de la Democracia y la Paz [&hellip;]<\/p>\n","protected":false},"author":4,"featured_media":0,"comment_status":"closed","ping_status":"open","sticky":false,"template":"","format":"standard","meta":{"footnotes":""},"categories":[6,5],"tags":[42,141,116],"class_list":{"0":"post-621","1":"post","2":"type-post","3":"status-publish","4":"format-standard","6":"category-infogral","7":"category-locales","8":"tag-featured","9":"tag-martin-ascua","10":"tag-paso-de-los-libres"},"_links":{"self":[{"href":"https:\/\/zoomproducciones.com.ar\/zoomp\/wp-json\/wp\/v2\/posts\/621","targetHints":{"allow":["GET"]}}],"collection":[{"href":"https:\/\/zoomproducciones.com.ar\/zoomp\/wp-json\/wp\/v2\/posts"}],"about":[{"href":"https:\/\/zoomproducciones.com.ar\/zoomp\/wp-json\/wp\/v2\/types\/post"}],"author":[{"embeddable":true,"href":"https:\/\/zoomproducciones.com.ar\/zoomp\/wp-json\/wp\/v2\/users\/4"}],"replies":[{"embeddable":true,"href":"https:\/\/zoomproducciones.com.ar\/zoomp\/wp-json\/wp\/v2\/comments?post=621"}],"version-history":[{"count":1,"href":"https:\/\/zoomproducciones.com.ar\/zoomp\/wp-json\/wp\/v2\/posts\/621\/revisions"}],"predecessor-version":[{"id":623,"href":"https:\/\/zoomproducciones.com.ar\/zoomp\/wp-json\/wp\/v2\/posts\/621\/revisions\/623"}],"wp:attachment":[{"href":"https:\/\/zoomproducciones.com.ar\/zoomp\/wp-json\/wp\/v2\/media?parent=621"}],"wp:term":[{"taxonomy":"category","embeddable":true,"href":"https:\/\/zoomproducciones.com.ar\/zoomp\/wp-json\/wp\/v2\/categories?post=621"},{"taxonomy":"post_tag","embeddable":true,"href":"https:\/\/zoomproducciones.com.ar\/zoomp\/wp-json\/wp\/v2\/tags?post=621"}],"curies":[{"name":"wp","href":"https:\/\/api.w.org\/{rel}","templated":true}]}}