{"id":618,"date":"2022-09-02T07:40:33","date_gmt":"2022-09-02T10:40:33","guid":{"rendered":"http:\/\/zoomproducciones.com.ar\/zoomp\/?p=618"},"modified":"2022-09-02T07:40:34","modified_gmt":"2022-09-02T10:40:34","slug":"por-el-feriado-no-habra-clases-en-toda-la-provincia","status":"publish","type":"post","link":"https:\/\/zoomproducciones.com.ar\/zoomp\/por-el-feriado-no-habra-clases-en-toda-la-provincia\/","title":{"rendered":"Por el feriado: no habr\u00e1 clases en toda la provincia"},"content":{"rendered":"\n<p>Pr\u00e1xedes L\u00f3pez, ministra de Educaci\u00f3n, confirm\u00f3 la suspensi\u00f3n de clases este viernes en toda la provincia, a causa del feriado nacional decretado por el Presidente. Adem\u00e1s, por el atentado sufrido por la vicepresidenta, tampoco atender\u00e1n las oficinas de ANSES, PAMI y UNNE. <\/p>\n\n\n\n<p>La ministra de Educaci\u00f3n de Corrientes confirm\u00f3 que no habr\u00e1 clases este viernes en toda la provincia de Corrientes. La raz\u00f3n est\u00e1 vinculada al feriado nacional que decret\u00f3 Alberto Fern\u00e1ndez.<\/p>\n\n\n\n<p>Tampoco atender\u00e1n las oficinas de Anses, Pami y la Universidad Nacional del Nordeste. <\/p>\n\n\n\n<p>El Gobierno provinicial y municipal tambi\u00e9n estar\u00e1n sin actividad administrstiva.&nbsp;<\/p>\n\n\n\n<p><\/p>\n","protected":false},"excerpt":{"rendered":"<p>Pr\u00e1xedes L\u00f3pez, ministra de Educaci\u00f3n, confirm\u00f3 la suspensi\u00f3n de clases este viernes en toda la provincia, a causa del feriado nacional decretado por el Presidente. Adem\u00e1s, por el atentado sufrido por la vicepresidenta, tampoco atender\u00e1n las oficinas de ANSES, PAMI y UNNE. La ministra de Educaci\u00f3n de Corrientes confirm\u00f3 que no habr\u00e1 clases este viernes [&hellip;]<\/p>\n","protected":false},"author":4,"featured_media":0,"comment_status":"closed","ping_status":"open","sticky":false,"template":"","format":"standard","meta":{"footnotes":""},"categories":[6,8],"tags":[125,42,113],"class_list":{"0":"post-618","1":"post","2":"type-post","3":"status-publish","4":"format-standard","6":"category-infogral","7":"category-nacionales","8":"tag-corrientes","9":"tag-featured","10":"tag-gobierno-provincial"},"_links":{"self":[{"href":"https:\/\/zoomproducciones.com.ar\/zoomp\/wp-json\/wp\/v2\/posts\/618","targetHints":{"allow":["GET"]}}],"collection":[{"href":"https:\/\/zoomproducciones.com.ar\/zoomp\/wp-json\/wp\/v2\/posts"}],"about":[{"href":"https:\/\/zoomproducciones.com.ar\/zoomp\/wp-json\/wp\/v2\/types\/post"}],"author":[{"embeddable":true,"href":"https:\/\/zoomproducciones.com.ar\/zoomp\/wp-json\/wp\/v2\/users\/4"}],"replies":[{"embeddable":true,"href":"https:\/\/zoomproducciones.com.ar\/zoomp\/wp-json\/wp\/v2\/comments?post=618"}],"version-history":[{"count":1,"href":"https:\/\/zoomproducciones.com.ar\/zoomp\/wp-json\/wp\/v2\/posts\/618\/revisions"}],"predecessor-version":[{"id":620,"href":"https:\/\/zoomproducciones.com.ar\/zoomp\/wp-json\/wp\/v2\/posts\/618\/revisions\/620"}],"wp:attachment":[{"href":"https:\/\/zoomproducciones.com.ar\/zoomp\/wp-json\/wp\/v2\/media?parent=618"}],"wp:term":[{"taxonomy":"category","embeddable":true,"href":"https:\/\/zoomproducciones.com.ar\/zoomp\/wp-json\/wp\/v2\/categories?post=618"},{"taxonomy":"post_tag","embeddable":true,"href":"https:\/\/zoomproducciones.com.ar\/zoomp\/wp-json\/wp\/v2\/tags?post=618"}],"curies":[{"name":"wp","href":"https:\/\/api.w.org\/{rel}","templated":true}]}}