{"id":615,"date":"2022-09-02T07:25:44","date_gmt":"2022-09-02T10:25:44","guid":{"rendered":"http:\/\/zoomproducciones.com.ar\/zoomp\/?p=615"},"modified":"2022-09-02T07:25:45","modified_gmt":"2022-09-02T10:25:45","slug":"en-repudio-al-ataque-legisladores-de-jxc-y-el-fdt-se-reunieron-en-el-congreso","status":"publish","type":"post","link":"https:\/\/zoomproducciones.com.ar\/zoomp\/en-repudio-al-ataque-legisladores-de-jxc-y-el-fdt-se-reunieron-en-el-congreso\/","title":{"rendered":"En repudio al ataque: legisladores de JxC y el FdT se reunieron en el Congreso"},"content":{"rendered":"\n<p>Tras los hechos ocurridos la noche de ayer, senadores y diputados del FdT y JxC se autoconvocaron en el Congreso Nacional. Los legisladores hicieron p\u00fablica una declaraci\u00f3n en rechazo al ataque sufrido por la vicepresidenta Cristina Kirchner. Entre los asistidores, Eduardo &#8216;Peteco&#8217; Vischi estuvo presente con sus pares y expres\u00f3: \u00bbrepudio cualquier acto de violencia\u00bb.<\/p>\n\n\n\n<p>Legisladores de ambas c\u00e1maras se reunieron en el Congreso para hacer p\u00fablica su posici\u00f3n ante el intento de asesinato a CFK. La reuni\u00f3n fue a las 23:40 en el sal\u00f3n Arturo Illia en donde se tomaron una foto en se\u00f1al de unidad. <\/p>\n\n\n\n<p>La reuni\u00f3n fue encabezada por Jos\u00e9 Mayans, presidente del interbloque del Frente de Todos; Anabel F. Sagasti, vicepresidenta del espacio; y sus pares Alfredo Cornejo y Luis Naidenoff. Tambi\u00e9n asistieron la presidenta de la C\u00e1mara de Diputados,\u00a0<strong>Cecilia Moreau<\/strong>, y diputados de distintos bloques.<\/p>\n\n\n\n<figure class=\"wp-block-embed is-type-rich is-provider-twitter wp-block-embed-twitter\"><div class=\"wp-block-embed__wrapper\">\n<blockquote class=\"twitter-tweet\" data-width=\"550\" data-dnt=\"true\"><p lang=\"es\" dir=\"ltr\"><a href=\"https:\/\/twitter.com\/hashtag\/COMUNICADO?src=hash&amp;ref_src=twsrc%5Etfw\">#COMUNICADO<\/a> | Repudiamos en\u00e9rgicamente el atentado contra la vida de la Vicepresidenta de la Naci\u00f3n <a href=\"https:\/\/twitter.com\/CFKArgentina?ref_src=twsrc%5Etfw\">@CFKArgentina<\/a>. <a href=\"https:\/\/t.co\/QAfEJWgPkN\">pic.twitter.com\/QAfEJWgPkN<\/a><\/p>&mdash; Diputados UP (@Diputados_UxP) <a href=\"https:\/\/twitter.com\/Diputados_UxP\/status\/1565508636444868608?ref_src=twsrc%5Etfw\">September 2, 2022<\/a><\/blockquote><script async src=\"https:\/\/platform.twitter.com\/widgets.js\" charset=\"utf-8\"><\/script>\n<\/div><\/figure>\n","protected":false},"excerpt":{"rendered":"<p>Tras los hechos ocurridos la noche de ayer, senadores y diputados del FdT y JxC se autoconvocaron en el Congreso Nacional. Los legisladores hicieron p\u00fablica una declaraci\u00f3n en rechazo al ataque sufrido por la vicepresidenta Cristina Kirchner. Entre los asistidores, Eduardo &#8216;Peteco&#8217; Vischi estuvo presente con sus pares y expres\u00f3: \u00bbrepudio cualquier acto de violencia\u00bb. [&hellip;]<\/p>\n","protected":false},"author":4,"featured_media":0,"comment_status":"closed","ping_status":"open","sticky":false,"template":"","format":"standard","meta":{"footnotes":""},"categories":[6,8],"tags":[118,158,42],"class_list":{"0":"post-615","1":"post","2":"type-post","3":"status-publish","4":"format-standard","6":"category-infogral","7":"category-nacionales","8":"tag-argentina","9":"tag-congreso-nacional","10":"tag-featured"},"_links":{"self":[{"href":"https:\/\/zoomproducciones.com.ar\/zoomp\/wp-json\/wp\/v2\/posts\/615","targetHints":{"allow":["GET"]}}],"collection":[{"href":"https:\/\/zoomproducciones.com.ar\/zoomp\/wp-json\/wp\/v2\/posts"}],"about":[{"href":"https:\/\/zoomproducciones.com.ar\/zoomp\/wp-json\/wp\/v2\/types\/post"}],"author":[{"embeddable":true,"href":"https:\/\/zoomproducciones.com.ar\/zoomp\/wp-json\/wp\/v2\/users\/4"}],"replies":[{"embeddable":true,"href":"https:\/\/zoomproducciones.com.ar\/zoomp\/wp-json\/wp\/v2\/comments?post=615"}],"version-history":[{"count":1,"href":"https:\/\/zoomproducciones.com.ar\/zoomp\/wp-json\/wp\/v2\/posts\/615\/revisions"}],"predecessor-version":[{"id":617,"href":"https:\/\/zoomproducciones.com.ar\/zoomp\/wp-json\/wp\/v2\/posts\/615\/revisions\/617"}],"wp:attachment":[{"href":"https:\/\/zoomproducciones.com.ar\/zoomp\/wp-json\/wp\/v2\/media?parent=615"}],"wp:term":[{"taxonomy":"category","embeddable":true,"href":"https:\/\/zoomproducciones.com.ar\/zoomp\/wp-json\/wp\/v2\/categories?post=615"},{"taxonomy":"post_tag","embeddable":true,"href":"https:\/\/zoomproducciones.com.ar\/zoomp\/wp-json\/wp\/v2\/tags?post=615"}],"curies":[{"name":"wp","href":"https:\/\/api.w.org\/{rel}","templated":true}]}}