{"id":612,"date":"2022-09-02T07:12:07","date_gmt":"2022-09-02T10:12:07","guid":{"rendered":"http:\/\/zoomproducciones.com.ar\/zoomp\/?p=612"},"modified":"2022-09-02T07:12:08","modified_gmt":"2022-09-02T10:12:08","slug":"que-dice-el-decreto-que-dispuso-el-feriado-nacional","status":"publish","type":"post","link":"https:\/\/zoomproducciones.com.ar\/zoomp\/que-dice-el-decreto-que-dispuso-el-feriado-nacional\/","title":{"rendered":"Qu\u00e9 dice el decreto que dispuso el feriado nacional"},"content":{"rendered":"\n<p>Alberto Fern\u00e1ndez decret\u00f3 Feriado Nacional en toda la Rep\u00fablica Argentina  \u00bba fin de que el pueblo argentino pueda expresar su m\u00e1s profundo repudio al atentado contra la vida de la Vicepresidenta\u00bb. Durante la madrugada, la portavoz de la Presidencia difundi\u00f3 el DNU 573 inscripto en el Bolet\u00edn Oficial. <\/p>\n\n\n\n<p>Anoche, al rededor de las 21 horas, la vicepresidenta de la Naci\u00f3n sufri\u00f3 un intento de asesinato por un sujeto armado que gatill\u00f3 en su cabeza. Horas m\u00e1s tarde, Alberto Fern\u00e1ndez habl\u00f3 en Cadena Nacional para toda la rep\u00fablica Argentina. En su discurso, el Presidente pidi\u00f3 terminar con los ataques de odio y decret\u00f3 Feriado Nacional para hoy viernes 02\/09.<\/p>\n\n\n\n<p>\u00bbDecl\u00e1rase feriado nacional el d\u00eda 2 de septiembre de 2022 a fin de que el pueblo argentino pueda expresar su m\u00e1s profundo repudio al atentado contra la vida de la Vicepresidenta de la Naci\u00f3n, Cristina FERN\u00c1NDEZ DE KIRCHNER, y pronunciarse en defensa de la paz y la democracia\u00bb dicta el decreto 573.<\/p>\n\n\n\n<figure class=\"wp-block-embed is-type-rich is-provider-twitter wp-block-embed-twitter\"><div class=\"wp-block-embed__wrapper\">\nhttps:\/\/twitter.com\/gabicerru\/status\/1565575179580891137?s=20&#038;t=wLn_KHlC75_0d8M6OxMlPg\n<\/div><\/figure>\n\n\n\n<p>El DNU lleva la firma de todos los integrantes del Gabinete Nacional y titula al atenta c\u00f3mo: \u00bbuna amenaza a la democracia que exige acciones oportunas y claras desde el Estado en defensa de sus instituciones pol\u00edticas y de la paz social\u00bb.<\/p>\n\n\n\n<p>\u00bbEs fundamental que la sociedad toda pueda expresarse en paz en defensa de la democracia y sus instituciones y en repudio a las expresiones de odio y a la violencia pol\u00edtica\u00bb.<\/p>\n\n\n\n<p>El decreto agrega que se instruye a los diferentes organismos para que implementen \u00ablas medidas pertinentes a fin de mantener las guardias necesarias a efectos de preservar la continuidad de los servicios esenciales\u00bb.<\/p>\n","protected":false},"excerpt":{"rendered":"<p>Alberto Fern\u00e1ndez decret\u00f3 Feriado Nacional en toda la Rep\u00fablica Argentina \u00bba fin de que el pueblo argentino pueda expresar su m\u00e1s profundo repudio al atentado contra la vida de la Vicepresidenta\u00bb. Durante la madrugada, la portavoz de la Presidencia difundi\u00f3 el DNU 573 inscripto en el Bolet\u00edn Oficial. Anoche, al rededor de las 21 horas, [&hellip;]<\/p>\n","protected":false},"author":4,"featured_media":0,"comment_status":"closed","ping_status":"open","sticky":false,"template":"","format":"standard","meta":{"footnotes":""},"categories":[6,8],"tags":[128,118,145,42,117],"class_list":{"0":"post-612","1":"post","2":"type-post","3":"status-publish","4":"format-standard","6":"category-infogral","7":"category-nacionales","8":"tag-alberto-fernandez","9":"tag-argentina","10":"tag-cristina-fernandez","11":"tag-featured","12":"tag-gobierno-nacional"},"_links":{"self":[{"href":"https:\/\/zoomproducciones.com.ar\/zoomp\/wp-json\/wp\/v2\/posts\/612","targetHints":{"allow":["GET"]}}],"collection":[{"href":"https:\/\/zoomproducciones.com.ar\/zoomp\/wp-json\/wp\/v2\/posts"}],"about":[{"href":"https:\/\/zoomproducciones.com.ar\/zoomp\/wp-json\/wp\/v2\/types\/post"}],"author":[{"embeddable":true,"href":"https:\/\/zoomproducciones.com.ar\/zoomp\/wp-json\/wp\/v2\/users\/4"}],"replies":[{"embeddable":true,"href":"https:\/\/zoomproducciones.com.ar\/zoomp\/wp-json\/wp\/v2\/comments?post=612"}],"version-history":[{"count":1,"href":"https:\/\/zoomproducciones.com.ar\/zoomp\/wp-json\/wp\/v2\/posts\/612\/revisions"}],"predecessor-version":[{"id":614,"href":"https:\/\/zoomproducciones.com.ar\/zoomp\/wp-json\/wp\/v2\/posts\/612\/revisions\/614"}],"wp:attachment":[{"href":"https:\/\/zoomproducciones.com.ar\/zoomp\/wp-json\/wp\/v2\/media?parent=612"}],"wp:term":[{"taxonomy":"category","embeddable":true,"href":"https:\/\/zoomproducciones.com.ar\/zoomp\/wp-json\/wp\/v2\/categories?post=612"},{"taxonomy":"post_tag","embeddable":true,"href":"https:\/\/zoomproducciones.com.ar\/zoomp\/wp-json\/wp\/v2\/tags?post=612"}],"curies":[{"name":"wp","href":"https:\/\/api.w.org\/{rel}","templated":true}]}}