{"id":610,"date":"2022-09-02T00:04:19","date_gmt":"2022-09-02T03:04:19","guid":{"rendered":"http:\/\/zoomproducciones.com.ar\/zoomp\/?p=610"},"modified":"2022-09-02T00:04:20","modified_gmt":"2022-09-02T03:04:20","slug":"cadena-nacional-alberto-decreto-feriado-nacional","status":"publish","type":"post","link":"https:\/\/zoomproducciones.com.ar\/zoomp\/cadena-nacional-alberto-decreto-feriado-nacional\/","title":{"rendered":"Cadena Nacional: Alberto decret\u00f3 Feriado Nacional"},"content":{"rendered":"\n<p>Alberto Fern\u00e1ndez habl\u00f3 en Cadena Nacional para toda la rep\u00fablica Argentina a causa del atentado sufrido por la vicepresidenta de la Naci\u00f3n. En su discurso, el Presidente pidi\u00f3 terminar con los ataques de odio y decret\u00f3 Feriado Nacional para hoy viernes 02\/09. <\/p>\n","protected":false},"excerpt":{"rendered":"<p>Alberto Fern\u00e1ndez habl\u00f3 en Cadena Nacional para toda la rep\u00fablica Argentina a causa del atentado sufrido por la vicepresidenta de la Naci\u00f3n. En su discurso, el Presidente pidi\u00f3 terminar con los ataques de odio y decret\u00f3 Feriado Nacional para hoy viernes 02\/09.<\/p>\n","protected":false},"author":4,"featured_media":0,"comment_status":"closed","ping_status":"open","sticky":false,"template":"","format":"standard","meta":{"footnotes":""},"categories":[6],"tags":[118,145,42,117],"class_list":{"0":"post-610","1":"post","2":"type-post","3":"status-publish","4":"format-standard","6":"category-infogral","7":"tag-argentina","8":"tag-cristina-fernandez","9":"tag-featured","10":"tag-gobierno-nacional"},"_links":{"self":[{"href":"https:\/\/zoomproducciones.com.ar\/zoomp\/wp-json\/wp\/v2\/posts\/610","targetHints":{"allow":["GET"]}}],"collection":[{"href":"https:\/\/zoomproducciones.com.ar\/zoomp\/wp-json\/wp\/v2\/posts"}],"about":[{"href":"https:\/\/zoomproducciones.com.ar\/zoomp\/wp-json\/wp\/v2\/types\/post"}],"author":[{"embeddable":true,"href":"https:\/\/zoomproducciones.com.ar\/zoomp\/wp-json\/wp\/v2\/users\/4"}],"replies":[{"embeddable":true,"href":"https:\/\/zoomproducciones.com.ar\/zoomp\/wp-json\/wp\/v2\/comments?post=610"}],"version-history":[{"count":1,"href":"https:\/\/zoomproducciones.com.ar\/zoomp\/wp-json\/wp\/v2\/posts\/610\/revisions"}],"predecessor-version":[{"id":611,"href":"https:\/\/zoomproducciones.com.ar\/zoomp\/wp-json\/wp\/v2\/posts\/610\/revisions\/611"}],"wp:attachment":[{"href":"https:\/\/zoomproducciones.com.ar\/zoomp\/wp-json\/wp\/v2\/media?parent=610"}],"wp:term":[{"taxonomy":"category","embeddable":true,"href":"https:\/\/zoomproducciones.com.ar\/zoomp\/wp-json\/wp\/v2\/categories?post=610"},{"taxonomy":"post_tag","embeddable":true,"href":"https:\/\/zoomproducciones.com.ar\/zoomp\/wp-json\/wp\/v2\/tags?post=610"}],"curies":[{"name":"wp","href":"https:\/\/api.w.org\/{rel}","templated":true}]}}