{"id":6068,"date":"2023-06-07T20:08:13","date_gmt":"2023-06-07T23:08:13","guid":{"rendered":"http:\/\/zoomproducciones.com.ar\/zoomp\/?p=6068"},"modified":"2023-06-07T20:08:14","modified_gmt":"2023-06-07T23:08:14","slug":"messi-decidio-su-futuro-ira-al-inter-de-miami","status":"publish","type":"post","link":"https:\/\/zoomproducciones.com.ar\/zoomp\/messi-decidio-su-futuro-ira-al-inter-de-miami\/","title":{"rendered":"Messi decidi\u00f3 su futuro: ir\u00e1 al Inter de Miami"},"content":{"rendered":"\n<p>Lionel\u00a0Messi\u00a0termin\u00f3 con los rumores: confirm\u00f3 su decisi\u00f3n de firmar con el\u00a0<strong>Inter\u00a0de\u00a0Miami\u00a0<\/strong>de la MLS\u00a0tras descartar las opciones de regresar al\u00a0<strong>Barcelona<\/strong>. El astro argentino lo confirm\u00f3 mediante una entrevista con <strong>Mundo Deportivo y Sport<\/strong>. <\/p>\n\n\n\n<p>\u00abTom\u00e9 la decisi\u00f3n de que voy a ir a Miami. Todav\u00eda no lo tengo cerrado al cien por cien. Me faltan algunas cosas pero decidimos continuar el camino. Si no sal\u00eda lo del Barcelona, quer\u00eda irme de Europa, salir del foco y pensar m\u00e1s en mi familia\u00bb, afirm\u00f3.<\/p>\n\n\n\n<h2 class=\"wp-block-heading\">Qu\u00e9 dijo del Barcelona<\/h2>\n\n\n\n<p>\u00a0\u00abTen\u00eda muchas ganas, mucha ilusi\u00f3n de poder volver, pero despu\u00e9s de haber vivido lo que viv\u00ed y la salida que tuve, no quer\u00eda volver a estar otra vez en la misma situaci\u00f3n:\u00a0<strong>esperar a ver qu\u00e9 iba a pasar y dejar mi futuro en mano de otro\u00bb<\/strong>.<\/p>\n\n\n\n<p>\u00bbEscuch\u00e9 que ten\u00edan que vender jugadores o bajar sueldo a jugadores en Barcelona y la verdad es que yo no quer\u00eda pasar por eso\u00bb coment\u00f3 Leo.<\/p>\n\n\n\n<p>El capit\u00e1n argentino revel\u00f3 adem\u00e1s que la cuesti\u00f3n econ\u00f3mica \u00ab<strong>nunca fue un problema ni un obst\u00e1culo en nada\u00bb<\/strong>&nbsp;y coment\u00f3 que nunca llegaron a hablar de un contrato.<\/p>\n\n\n\n<p>\u00abSe pas\u00f3 por encima una propuesta, pero nunca una propuesta formal, escrita, firmada, porque todav\u00eda no hab\u00eda nada y&nbsp;<strong>no sab\u00edamos si se iba a poder hacer o no.<\/strong>&nbsp;Hab\u00eda la intenci\u00f3n, pero no pod\u00edamos adelantar nada, incluso no hablamos de dinero formalmente.&nbsp;<strong>Si hubiese sido una cuesti\u00f3n de dinero me habr\u00eda ido a Arabia o a otro lado\u00bb<\/strong>, dijo.<\/p>\n\n\n\n<blockquote class=\"wp-block-quote is-style-default has-medium-font-size is-layout-flow wp-block-quote-is-layout-flow\">\n<p>\u00bbSi hubiese sido una cuesti\u00f3n de dinero me habr\u00eda ido a Arabia o a otro lado\u00bb.<\/p>\n<cite>Lionel Messi.<\/cite><\/blockquote>\n\n\n\n<p>Ante la consulta sobre si Barcelona hizo todo lo posible para ficharlo, Messi\u00a0fue contundente: \u00ab<strong>Es un tema de ellos. La verdad, sinceramente, no s\u00e9 si ha hecho todo lo posible o no.<\/strong>\u00a0Yo sab\u00eda lo que hablaba con Xavi, sobre todo&#8230; Ahora hab\u00edan, por lo que se dice, logrado el permiso de la Liga para poder hacerlo.\u00a0<strong>Faltaban muchas cosas.<\/strong>\u00a0El club, hoy por hoy, no estaba en condiciones de afirmarme al 100% de que pod\u00eda volver. Y es comprensible, por la situaci\u00f3n que est\u00e1 pasando el club, Y as\u00ed lo viv\u00ed\u00bb.<\/p>\n\n\n\n<blockquote class=\"wp-block-quote is-layout-flow wp-block-quote-is-layout-flow\">\n<p class=\"has-medium-font-size\">\u00bbOjal\u00e1, no s\u00e9 en qu\u00e9 momento ni qu\u00e9 ni cu\u00e1ndo, pero ojal\u00e1 alg\u00fan d\u00eda pueda aportar algo al club y ayudar porque es un club que amo\u00bb.<\/p>\n<cite>Lionel Messi.<\/cite><\/blockquote>\n\n\n\n<p><strong>\u00abEs una de las cosas que tenemos clar\u00edsimo con mi mujer, mis hijos.<\/strong>\u00a0Ojal\u00e1, no s\u00e9 en qu\u00e9 momento ni qu\u00e9 ni cu\u00e1ndo, pero ojal\u00e1 alg\u00fan d\u00eda pueda aportar algo al club y ayudar porque es un club que amo como siempre dije.\u00a0<strong>Agradezco el cari\u00f1o que tuve de la gente durante mi carrera y me gustar\u00eda estar otra vez ac\u00e1, s\u00ed\u00bb,<\/strong>\u00a0insisti\u00f3.<\/p>\n\n\n\n<h2 class=\"wp-block-heading\">Barcelona y su comunicado de prensa<\/h2>\n\n\n\n<p>El club catal\u00e1n public\u00f3 un comunicado expresando la versi\u00f3n del Barcelona. Seg\u00fan el mismo, Laporta (presidente) respet\u00f3 la decisi\u00f3n de Messi de dirigirse a una liga menos competitiva.<\/p>\n\n\n\n<figure class=\"wp-block-image size-full\"><a href=\"http:\/\/zoomproducciones.com.ar\/zoomp\/wp-content\/uploads\/2023\/06\/image-21.png\"><img decoding=\"async\" src=\"http:\/\/zoomproducciones.com.ar\/zoomp\/wp-content\/uploads\/2023\/06\/image-21.png\" alt=\"\" class=\"wp-image-6071\"\/><\/a><\/figure>\n","protected":false},"excerpt":{"rendered":"<p>Lionel\u00a0Messi\u00a0termin\u00f3 con los rumores: confirm\u00f3 su decisi\u00f3n de firmar con el\u00a0Inter\u00a0de\u00a0Miami\u00a0de la MLS\u00a0tras descartar las opciones de regresar al\u00a0Barcelona. El astro argentino lo confirm\u00f3 mediante una entrevista con Mundo Deportivo y Sport. \u00abTom\u00e9 la decisi\u00f3n de que voy a ir a Miami. Todav\u00eda no lo tengo cerrado al cien por cien. Me faltan algunas cosas [&hellip;]<\/p>\n","protected":false},"author":2,"featured_media":0,"comment_status":"closed","ping_status":"open","sticky":false,"template":"","format":"standard","meta":{"footnotes":""},"categories":[372],"tags":[42,54],"class_list":{"0":"post-6068","1":"post","2":"type-post","3":"status-publish","4":"format-standard","6":"category-futbol","7":"tag-featured","8":"tag-lionel-messi"},"_links":{"self":[{"href":"https:\/\/zoomproducciones.com.ar\/zoomp\/wp-json\/wp\/v2\/posts\/6068","targetHints":{"allow":["GET"]}}],"collection":[{"href":"https:\/\/zoomproducciones.com.ar\/zoomp\/wp-json\/wp\/v2\/posts"}],"about":[{"href":"https:\/\/zoomproducciones.com.ar\/zoomp\/wp-json\/wp\/v2\/types\/post"}],"author":[{"embeddable":true,"href":"https:\/\/zoomproducciones.com.ar\/zoomp\/wp-json\/wp\/v2\/users\/2"}],"replies":[{"embeddable":true,"href":"https:\/\/zoomproducciones.com.ar\/zoomp\/wp-json\/wp\/v2\/comments?post=6068"}],"version-history":[{"count":1,"href":"https:\/\/zoomproducciones.com.ar\/zoomp\/wp-json\/wp\/v2\/posts\/6068\/revisions"}],"predecessor-version":[{"id":6073,"href":"https:\/\/zoomproducciones.com.ar\/zoomp\/wp-json\/wp\/v2\/posts\/6068\/revisions\/6073"}],"wp:attachment":[{"href":"https:\/\/zoomproducciones.com.ar\/zoomp\/wp-json\/wp\/v2\/media?parent=6068"}],"wp:term":[{"taxonomy":"category","embeddable":true,"href":"https:\/\/zoomproducciones.com.ar\/zoomp\/wp-json\/wp\/v2\/categories?post=6068"},{"taxonomy":"post_tag","embeddable":true,"href":"https:\/\/zoomproducciones.com.ar\/zoomp\/wp-json\/wp\/v2\/tags?post=6068"}],"curies":[{"name":"wp","href":"https:\/\/api.w.org\/{rel}","templated":true}]}}