{"id":6023,"date":"2023-06-06T08:23:25","date_gmt":"2023-06-06T11:23:25","guid":{"rendered":"http:\/\/zoomproducciones.com.ar\/zoomp\/?p=6023"},"modified":"2023-06-06T08:23:25","modified_gmt":"2023-06-06T11:23:25","slug":"el-papa-francisco-se-sometio-a-un-control-medico-en-roma","status":"publish","type":"post","link":"https:\/\/zoomproducciones.com.ar\/zoomp\/el-papa-francisco-se-sometio-a-un-control-medico-en-roma\/","title":{"rendered":"El Papa Francisco se someti\u00f3 a un control m\u00e9dico en Roma"},"content":{"rendered":"\n<p>El Papa Francisco fue sometido a estudios m\u00e9dicos en el Hospital Gemelli, en Roma, este martes. Los estudios estaban previamente programados y se descart\u00f3 una visita de emergencia. El sumo pont\u00edfice ya se encuentra nuevamente en el Vaticano.<\/p>\n\n\n\n<p>La \u00faltima vez que Francisco visit\u00f3 el Centro de Medicina del Envejecimiento del Policl\u00ednico Gemelli fue en marzo, cuando contrajo una pulmon\u00eda aguda. Este Hospital se ocupa de asistencia a los\u00a0<strong>ancianos \u00abfr\u00e1giles\u00bb<\/strong>\u00a0a trav\u00e9s de protocolos de intervenci\u00f3n globales e individualizados.<\/p>\n\n\n\n<p>El control m\u00e9dico de este martes dur\u00f3 aproximadamente una hora y Francisco ya pudo regresar al Vaticano.<\/p>\n\n\n\n<h2 class=\"wp-block-heading\">Veces que Francisco fue ingresado en el Gemelli<\/h2>\n\n\n\n<p>-Julio del 2021: fue operado del colon y estuvo hospitalizado por 10 d\u00edas.<br>-Marzo del 2023: ingresado por tres noches por una pulmon\u00eda aguda.<\/p>\n","protected":false},"excerpt":{"rendered":"<p>El Papa Francisco fue sometido a estudios m\u00e9dicos en el Hospital Gemelli, en Roma, este martes. Los estudios estaban previamente programados y se descart\u00f3 una visita de emergencia. El sumo pont\u00edfice ya se encuentra nuevamente en el Vaticano. La \u00faltima vez que Francisco visit\u00f3 el Centro de Medicina del Envejecimiento del Policl\u00ednico Gemelli fue en [&hellip;]<\/p>\n","protected":false},"author":2,"featured_media":0,"comment_status":"closed","ping_status":"open","sticky":false,"template":"","format":"standard","meta":{"footnotes":""},"categories":[6],"tags":[118,42],"class_list":{"0":"post-6023","1":"post","2":"type-post","3":"status-publish","4":"format-standard","6":"category-infogral","7":"tag-argentina","8":"tag-featured"},"_links":{"self":[{"href":"https:\/\/zoomproducciones.com.ar\/zoomp\/wp-json\/wp\/v2\/posts\/6023","targetHints":{"allow":["GET"]}}],"collection":[{"href":"https:\/\/zoomproducciones.com.ar\/zoomp\/wp-json\/wp\/v2\/posts"}],"about":[{"href":"https:\/\/zoomproducciones.com.ar\/zoomp\/wp-json\/wp\/v2\/types\/post"}],"author":[{"embeddable":true,"href":"https:\/\/zoomproducciones.com.ar\/zoomp\/wp-json\/wp\/v2\/users\/2"}],"replies":[{"embeddable":true,"href":"https:\/\/zoomproducciones.com.ar\/zoomp\/wp-json\/wp\/v2\/comments?post=6023"}],"version-history":[{"count":1,"href":"https:\/\/zoomproducciones.com.ar\/zoomp\/wp-json\/wp\/v2\/posts\/6023\/revisions"}],"predecessor-version":[{"id":6024,"href":"https:\/\/zoomproducciones.com.ar\/zoomp\/wp-json\/wp\/v2\/posts\/6023\/revisions\/6024"}],"wp:attachment":[{"href":"https:\/\/zoomproducciones.com.ar\/zoomp\/wp-json\/wp\/v2\/media?parent=6023"}],"wp:term":[{"taxonomy":"category","embeddable":true,"href":"https:\/\/zoomproducciones.com.ar\/zoomp\/wp-json\/wp\/v2\/categories?post=6023"},{"taxonomy":"post_tag","embeddable":true,"href":"https:\/\/zoomproducciones.com.ar\/zoomp\/wp-json\/wp\/v2\/tags?post=6023"}],"curies":[{"name":"wp","href":"https:\/\/api.w.org\/{rel}","templated":true}]}}