{"id":6012,"date":"2023-06-05T08:34:21","date_gmt":"2023-06-05T11:34:21","guid":{"rendered":"http:\/\/zoomproducciones.com.ar\/zoomp\/?p=6012"},"modified":"2023-06-05T08:34:21","modified_gmt":"2023-06-05T11:34:21","slug":"esto-revelo-la-autopsia-del-hincha-de-river-plate-fallecido","status":"publish","type":"post","link":"https:\/\/zoomproducciones.com.ar\/zoomp\/esto-revelo-la-autopsia-del-hincha-de-river-plate-fallecido\/","title":{"rendered":"Esto revel\u00f3 la autopsia del hincha de River Plate fallecido"},"content":{"rendered":"\n<p>El pasado s\u00e1bado, Pablo Serrano perdi\u00f3 la vida tras caerse de la platea alta Sivori en el encuentro entre River Plate y Defensa y Justicia. La tribuna permanece\u00a0<strong>clausurada<\/strong>\u00a0por decisi\u00f3n de la fiscal\u00a0<strong>Celsa Ram\u00edrez<\/strong>, encargada de la investigaci\u00f3n. River Plate presentar\u00eda pruebas contundentes para comprobar que la ca\u00edda no se produjo por sobrepoblaci\u00f3n en el sector.<\/p>\n\n\n\n<p>Los resultados m\u00e9dicos develaron que el hombre de&nbsp;<strong>53 a\u00f1os<\/strong>, oriundo de&nbsp;<strong>Mor\u00f3n<\/strong>, falleci\u00f3 a causa de un \u00ab<strong>politraumatismo y traumatismo abierto de cr\u00e1neo con perdida de masa encef\u00e1lica y hemorragia interna<\/strong>\u00ab, mientras que de momento,&nbsp;<strong>no se conocen los resultados toxicol\u00f3gicos<\/strong>.<\/p>\n\n\n\n<p>Tanto la investigaci\u00f3n como River Plate se encuentran en el trabajo de <strong>revisi\u00f3n las im\u00e1genes de las c\u00e1maras de seguridad<\/strong>\u00a0para advertir el comportamiento del hombre desde su ingreso al estadio\u00a0<strong>M\u00e1s Monumental<\/strong>.<\/p>\n\n\n\n<p><strong>Pablo Marcelo Serrano<\/strong>&nbsp;ten\u00eda 53 a\u00f1os, era&nbsp;<strong>socio<\/strong>&nbsp;del club &#8216;Millonario&#8217; y formaba parte de la agrupaci\u00f3n &#8216;<strong>Los Pibes del 20<\/strong>&#8216;, con sede en la ciudad bonaerense de&nbsp;<strong>Mor\u00f3n<\/strong>. Sus amigos m\u00e1s cercanos lo conoc\u00edan &#8216;<strong>Carucha<\/strong>&#8216;.<\/p>\n","protected":false},"excerpt":{"rendered":"<p>El pasado s\u00e1bado, Pablo Serrano perdi\u00f3 la vida tras caerse de la platea alta Sivori en el encuentro entre River Plate y Defensa y Justicia. La tribuna permanece\u00a0clausurada\u00a0por decisi\u00f3n de la fiscal\u00a0Celsa Ram\u00edrez, encargada de la investigaci\u00f3n. River Plate presentar\u00eda pruebas contundentes para comprobar que la ca\u00edda no se produjo por sobrepoblaci\u00f3n en el sector. [&hellip;]<\/p>\n","protected":false},"author":2,"featured_media":0,"comment_status":"closed","ping_status":"open","sticky":false,"template":"","format":"standard","meta":{"footnotes":""},"categories":[8],"tags":[118,42],"class_list":{"0":"post-6012","1":"post","2":"type-post","3":"status-publish","4":"format-standard","6":"category-nacionales","7":"tag-argentina","8":"tag-featured"},"_links":{"self":[{"href":"https:\/\/zoomproducciones.com.ar\/zoomp\/wp-json\/wp\/v2\/posts\/6012","targetHints":{"allow":["GET"]}}],"collection":[{"href":"https:\/\/zoomproducciones.com.ar\/zoomp\/wp-json\/wp\/v2\/posts"}],"about":[{"href":"https:\/\/zoomproducciones.com.ar\/zoomp\/wp-json\/wp\/v2\/types\/post"}],"author":[{"embeddable":true,"href":"https:\/\/zoomproducciones.com.ar\/zoomp\/wp-json\/wp\/v2\/users\/2"}],"replies":[{"embeddable":true,"href":"https:\/\/zoomproducciones.com.ar\/zoomp\/wp-json\/wp\/v2\/comments?post=6012"}],"version-history":[{"count":1,"href":"https:\/\/zoomproducciones.com.ar\/zoomp\/wp-json\/wp\/v2\/posts\/6012\/revisions"}],"predecessor-version":[{"id":6014,"href":"https:\/\/zoomproducciones.com.ar\/zoomp\/wp-json\/wp\/v2\/posts\/6012\/revisions\/6014"}],"wp:attachment":[{"href":"https:\/\/zoomproducciones.com.ar\/zoomp\/wp-json\/wp\/v2\/media?parent=6012"}],"wp:term":[{"taxonomy":"category","embeddable":true,"href":"https:\/\/zoomproducciones.com.ar\/zoomp\/wp-json\/wp\/v2\/categories?post=6012"},{"taxonomy":"post_tag","embeddable":true,"href":"https:\/\/zoomproducciones.com.ar\/zoomp\/wp-json\/wp\/v2\/tags?post=6012"}],"curies":[{"name":"wp","href":"https:\/\/api.w.org\/{rel}","templated":true}]}}