{"id":6009,"date":"2023-06-05T08:24:53","date_gmt":"2023-06-05T11:24:53","guid":{"rendered":"http:\/\/zoomproducciones.com.ar\/zoomp\/?p=6009"},"modified":"2023-06-05T08:24:53","modified_gmt":"2023-06-05T11:24:53","slug":"libres-robo-una-bicicleta-y-una-garrafa-y-fue-demorado","status":"publish","type":"post","link":"https:\/\/zoomproducciones.com.ar\/zoomp\/libres-robo-una-bicicleta-y-una-garrafa-y-fue-demorado\/","title":{"rendered":"Libres: rob\u00f3 una bicicleta y una garrafa y fue demorado"},"content":{"rendered":"\n<p>Personal de la Comisar\u00eda Primera de Paso de los Libres demor\u00f3 a un joven tras una denuncia penal por robo de una garrafa de 10 kilos y una bicicleta. Los mismos habr\u00edan sido hurtados de un domicilio del centro de la ciudad. Tras trabajos investigativos se pudo recuperar los elementos sustra\u00eddos y demorar al autor del hecho. <\/p>\n\n\n\n<p>El hecho ocurri\u00f3 el pasado 24 de mayo y la noticia se dio a conocer el s\u00e1bado por las redes sociales de la Polic\u00eda de Paso de los Libres.<\/p>\n\n\n\n<iframe loading=\"lazy\" src=\"https:\/\/www.facebook.com\/plugins\/post.php?href=https%3A%2F%2Fwww.facebook.com%2Fpermalink.php%3Fstory_fbid%3Dpfbid0362XviPRF7UWzW78HpGuqtfk7ZDddpM6Pj1uzHhYXyCZtyGPG38m2dpWHEPbe1Xkfl%26id%3D100085270121045&#038;show_text=true&#038;width=500\" width=\"500\" height=\"250\" style=\"border:none;overflow:hidden\" scrolling=\"no\" frameborder=\"0\" allowfullscreen=\"true\" allow=\"autoplay; clipboard-write; encrypted-media; picture-in-picture; web-share\"><\/iframe>\n\n\n\n<p>Seg\u00fan la reconstrucci\u00f3n del hecho, un joven rob\u00f3 de una casa ubicada entre Sitja Nin y Placido Mart\u00ednez, una garrafa de 10 kilos y una bicicleta rodado N\u00b0 26. <\/p>\n\n\n\n<p>Los oficiales pudieron dar con el autor del hecho tras la investigaci\u00f3n de c\u00e1maras de seguridad existentes en la zona. Tras la orden de allanamiento dictada por el Juez, se logr\u00f3 recuperar los elementos denunciados y demorar al sujeto.<\/p>\n\n\n\n<p><\/p>\n","protected":false},"excerpt":{"rendered":"<p>Personal de la Comisar\u00eda Primera de Paso de los Libres demor\u00f3 a un joven tras una denuncia penal por robo de una garrafa de 10 kilos y una bicicleta. Los mismos habr\u00edan sido hurtados de un domicilio del centro de la ciudad. Tras trabajos investigativos se pudo recuperar los elementos sustra\u00eddos y demorar al autor [&hellip;]<\/p>\n","protected":false},"author":2,"featured_media":0,"comment_status":"closed","ping_status":"open","sticky":false,"template":"","format":"standard","meta":{"footnotes":""},"categories":[5],"tags":[42,116,122],"class_list":{"0":"post-6009","1":"post","2":"type-post","3":"status-publish","4":"format-standard","6":"category-locales","7":"tag-featured","8":"tag-paso-de-los-libres","9":"tag-policiales"},"_links":{"self":[{"href":"https:\/\/zoomproducciones.com.ar\/zoomp\/wp-json\/wp\/v2\/posts\/6009","targetHints":{"allow":["GET"]}}],"collection":[{"href":"https:\/\/zoomproducciones.com.ar\/zoomp\/wp-json\/wp\/v2\/posts"}],"about":[{"href":"https:\/\/zoomproducciones.com.ar\/zoomp\/wp-json\/wp\/v2\/types\/post"}],"author":[{"embeddable":true,"href":"https:\/\/zoomproducciones.com.ar\/zoomp\/wp-json\/wp\/v2\/users\/2"}],"replies":[{"embeddable":true,"href":"https:\/\/zoomproducciones.com.ar\/zoomp\/wp-json\/wp\/v2\/comments?post=6009"}],"version-history":[{"count":1,"href":"https:\/\/zoomproducciones.com.ar\/zoomp\/wp-json\/wp\/v2\/posts\/6009\/revisions"}],"predecessor-version":[{"id":6011,"href":"https:\/\/zoomproducciones.com.ar\/zoomp\/wp-json\/wp\/v2\/posts\/6009\/revisions\/6011"}],"wp:attachment":[{"href":"https:\/\/zoomproducciones.com.ar\/zoomp\/wp-json\/wp\/v2\/media?parent=6009"}],"wp:term":[{"taxonomy":"category","embeddable":true,"href":"https:\/\/zoomproducciones.com.ar\/zoomp\/wp-json\/wp\/v2\/categories?post=6009"},{"taxonomy":"post_tag","embeddable":true,"href":"https:\/\/zoomproducciones.com.ar\/zoomp\/wp-json\/wp\/v2\/tags?post=6009"}],"curies":[{"name":"wp","href":"https:\/\/api.w.org\/{rel}","templated":true}]}}