{"id":6001,"date":"2023-06-02T10:12:46","date_gmt":"2023-06-02T13:12:46","guid":{"rendered":"http:\/\/zoomproducciones.com.ar\/zoomp\/?p=6001"},"modified":"2023-06-02T10:12:51","modified_gmt":"2023-06-02T13:12:51","slug":"anuncian-hoy-la-sentencia-a-sebastian-villa","status":"publish","type":"post","link":"https:\/\/zoomproducciones.com.ar\/zoomp\/anuncian-hoy-la-sentencia-a-sebastian-villa\/","title":{"rendered":"Anuncian hoy la sentencia a Sebasti\u00e1n Villa"},"content":{"rendered":"\n<p>El veredicto del juicio al que fue sometido al futbolista de Boca\u00a0<strong>Sebasti\u00e1n Villa<\/strong>\u00a0se dar\u00e1 a conocer este viernes en los tribunales de Lomas de Zamora. El jugdor es acusado de ejercer violencia de g\u00e9nero contra su expareja Daniela Cort\u00e9s en abril de 2020 en una vivienda de un barrio privado de Canning.<\/p>\n\n\n\n<p>La \u00faltima audiencia del debate comenzar\u00e1 a las 13 con la lectura del veredicto a cargo de la jueza Claudia D\u00e1valos, del Juzgado Correccional 2 del citado departamento judicial, ubicado en la avenida Presidente Per\u00f3n al 2400 de ese distrito del sur del conurbano bonaerense.<\/p>\n\n\n\n<p>El delantero de Boca Juniors est\u00e1 imputado por el delito de \u201clesiones leves agravadas por el v\u00ednculo y por mediar violencia de g\u00e9nero y amenazas coactivas\u201d en perjuicio de Cort\u00e9s.<\/p>\n\n\n\n<p>\u00a0La fiscal\u00eda solicit\u00f3 dos a\u00f1os y tres meses para el jugador de Boca. Su abogado pidi\u00f3 la absoluci\u00f3n.<\/p>\n\n\n\n<p>La audiencia&nbsp;<strong>ser\u00e1 transmitida en directo por el canal de Youtube oficial de la Suprema Corte de Justicia bonaerense.<\/strong><\/p>\n","protected":false},"excerpt":{"rendered":"<p>El veredicto del juicio al que fue sometido al futbolista de Boca\u00a0Sebasti\u00e1n Villa\u00a0se dar\u00e1 a conocer este viernes en los tribunales de Lomas de Zamora. El jugdor es acusado de ejercer violencia de g\u00e9nero contra su expareja Daniela Cort\u00e9s en abril de 2020 en una vivienda de un barrio privado de Canning. La \u00faltima audiencia [&hellip;]<\/p>\n","protected":false},"author":2,"featured_media":0,"comment_status":"closed","ping_status":"open","sticky":false,"template":"","format":"standard","meta":{"footnotes":""},"categories":[414],"tags":[118,42,122],"class_list":{"0":"post-6001","1":"post","2":"type-post","3":"status-publish","4":"format-standard","6":"category-policiales-2","7":"tag-argentina","8":"tag-featured","9":"tag-policiales"},"_links":{"self":[{"href":"https:\/\/zoomproducciones.com.ar\/zoomp\/wp-json\/wp\/v2\/posts\/6001","targetHints":{"allow":["GET"]}}],"collection":[{"href":"https:\/\/zoomproducciones.com.ar\/zoomp\/wp-json\/wp\/v2\/posts"}],"about":[{"href":"https:\/\/zoomproducciones.com.ar\/zoomp\/wp-json\/wp\/v2\/types\/post"}],"author":[{"embeddable":true,"href":"https:\/\/zoomproducciones.com.ar\/zoomp\/wp-json\/wp\/v2\/users\/2"}],"replies":[{"embeddable":true,"href":"https:\/\/zoomproducciones.com.ar\/zoomp\/wp-json\/wp\/v2\/comments?post=6001"}],"version-history":[{"count":1,"href":"https:\/\/zoomproducciones.com.ar\/zoomp\/wp-json\/wp\/v2\/posts\/6001\/revisions"}],"predecessor-version":[{"id":6003,"href":"https:\/\/zoomproducciones.com.ar\/zoomp\/wp-json\/wp\/v2\/posts\/6001\/revisions\/6003"}],"wp:attachment":[{"href":"https:\/\/zoomproducciones.com.ar\/zoomp\/wp-json\/wp\/v2\/media?parent=6001"}],"wp:term":[{"taxonomy":"category","embeddable":true,"href":"https:\/\/zoomproducciones.com.ar\/zoomp\/wp-json\/wp\/v2\/categories?post=6001"},{"taxonomy":"post_tag","embeddable":true,"href":"https:\/\/zoomproducciones.com.ar\/zoomp\/wp-json\/wp\/v2\/tags?post=6001"}],"curies":[{"name":"wp","href":"https:\/\/api.w.org\/{rel}","templated":true}]}}