{"id":5980,"date":"2023-06-01T10:50:33","date_gmt":"2023-06-01T13:50:33","guid":{"rendered":"http:\/\/zoomproducciones.com.ar\/zoomp\/?p=5980"},"modified":"2023-06-01T10:50:36","modified_gmt":"2023-06-01T13:50:36","slug":"paso-de-la-patria-apartaron-de-su-cargo-al-director-del-hospital-acusado-de-abusar-de-una-menor","status":"publish","type":"post","link":"https:\/\/zoomproducciones.com.ar\/zoomp\/paso-de-la-patria-apartaron-de-su-cargo-al-director-del-hospital-acusado-de-abusar-de-una-menor\/","title":{"rendered":"Paso de la Patria: apartaron de su cargo al Director del Hospital acusado de abusar de una menor"},"content":{"rendered":"\n<p>Ricardo Cardozo confirm\u00f3 que el Director del Hospital de Paso de la Patria fue apartado de su cargo. La decisi\u00f3n del Ministerio de Salud se debi\u00f3 a la denuncia que formaliz\u00f3 el padre de una ni\u00f1a de 13 a\u00f1os la cual habr\u00eda sido v\u00edctima de abuso sexual por el profesional.<\/p>\n\n\n\n<p>Seg\u00fan la investigaci\u00f3n, el Director del Hospital Eduardo Cicconetti ser\u00eda el hermano de la madre de la supuesta v\u00edctima y por tal motivo la justicia orden\u00f3 una perimetral.<\/p>\n\n\n\n<p>\u00abEs una\u00a0cuestion\u00a0de \u00edndole privada y se decidi\u00f3 cuando se tom\u00f3 conocimiento de apartarlo del cargo\u201d explic\u00f3 Cardozo a Radio Sudamericana. <\/p>\n","protected":false},"excerpt":{"rendered":"<p>Ricardo Cardozo confirm\u00f3 que el Director del Hospital de Paso de la Patria fue apartado de su cargo. La decisi\u00f3n del Ministerio de Salud se debi\u00f3 a la denuncia que formaliz\u00f3 el padre de una ni\u00f1a de 13 a\u00f1os la cual habr\u00eda sido v\u00edctima de abuso sexual por el profesional. Seg\u00fan la investigaci\u00f3n, el Director [&hellip;]<\/p>\n","protected":false},"author":2,"featured_media":0,"comment_status":"closed","ping_status":"open","sticky":false,"template":"","format":"standard","meta":{"footnotes":""},"categories":[3],"tags":[125,42,122],"class_list":{"0":"post-5980","1":"post","2":"type-post","3":"status-publish","4":"format-standard","6":"category-provinciales","7":"tag-corrientes","8":"tag-featured","9":"tag-policiales"},"_links":{"self":[{"href":"https:\/\/zoomproducciones.com.ar\/zoomp\/wp-json\/wp\/v2\/posts\/5980","targetHints":{"allow":["GET"]}}],"collection":[{"href":"https:\/\/zoomproducciones.com.ar\/zoomp\/wp-json\/wp\/v2\/posts"}],"about":[{"href":"https:\/\/zoomproducciones.com.ar\/zoomp\/wp-json\/wp\/v2\/types\/post"}],"author":[{"embeddable":true,"href":"https:\/\/zoomproducciones.com.ar\/zoomp\/wp-json\/wp\/v2\/users\/2"}],"replies":[{"embeddable":true,"href":"https:\/\/zoomproducciones.com.ar\/zoomp\/wp-json\/wp\/v2\/comments?post=5980"}],"version-history":[{"count":1,"href":"https:\/\/zoomproducciones.com.ar\/zoomp\/wp-json\/wp\/v2\/posts\/5980\/revisions"}],"predecessor-version":[{"id":5982,"href":"https:\/\/zoomproducciones.com.ar\/zoomp\/wp-json\/wp\/v2\/posts\/5980\/revisions\/5982"}],"wp:attachment":[{"href":"https:\/\/zoomproducciones.com.ar\/zoomp\/wp-json\/wp\/v2\/media?parent=5980"}],"wp:term":[{"taxonomy":"category","embeddable":true,"href":"https:\/\/zoomproducciones.com.ar\/zoomp\/wp-json\/wp\/v2\/categories?post=5980"},{"taxonomy":"post_tag","embeddable":true,"href":"https:\/\/zoomproducciones.com.ar\/zoomp\/wp-json\/wp\/v2\/tags?post=5980"}],"curies":[{"name":"wp","href":"https:\/\/api.w.org\/{rel}","templated":true}]}}