{"id":486,"date":"2022-08-22T08:39:06","date_gmt":"2022-08-22T11:39:06","guid":{"rendered":"http:\/\/zoomproducciones.com.ar\/zoomp\/?p=486"},"modified":"2022-08-22T08:39:07","modified_gmt":"2022-08-22T11:39:07","slug":"diez-gobernadores-del-norte-grande-visitaran-washington","status":"publish","type":"post","link":"https:\/\/zoomproducciones.com.ar\/zoomp\/diez-gobernadores-del-norte-grande-visitaran-washington\/","title":{"rendered":"Diez gobernadores del Norte Grande visitar\u00e1n Washington"},"content":{"rendered":"\n<p>Sin confirmaci\u00f3n de participaci\u00f3n por parte de Gustavo Vald\u00e9s, los gobernadores del Norte Grande viajar\u00e1n a Estados Unidos. Esto lo confirm\u00f3 el embajador argentino en EEUU, Jorge Arg\u00fcello. Se espera que un grupo de diez mandatarios visite Washington para ofrecer exportaciones correspondientes a sus provincias. <\/p>\n\n\n\n<p>El embajador argentino de Estados Unidos, Jorge Arg\u00fcello, confirm\u00f3 que espera la visita de diez gobernadores del Norte Grande a Washington.  El posible encuentro est\u00e1 previsto para fin de mes, posiblemente el martes 30 de agosto. <\/p>\n\n\n\n<p>Por otro lado, el embajador indic\u00f3 que en septiembre esperan que Alberto Fern\u00e1ndez viaje a Estados Unidos para una reuni\u00f3n con Joe Biden, y participar de la inauguraci\u00f3n de la Asamblea General de la ONU.<\/p>\n\n\n\n<p>Con respecto a los gobernadores del Norte Grande, Gerardo Morales y Gildo Insfr\u00e1n confirmaron su presencia en la capital de los Estados Unidos. Tambi\u00e9n lo hicieron los mandatarios de: Tucum\u00e1n, Osvaldo Jaldo; de Salta, Gustavo S\u00e1enz; de Santiago del Estero, Gerardo Zamora; de Chaco, Jorge Capitanich; de Misiones, Oscar Herrera Ahuad; de Catamarca Ra\u00fal Jalil; y de La Rioja, Ricardo Quintela.<\/p>\n\n\n\n<p>\u201cEs algo que estamos organizando con los gobernadores del Norte Grande. Vamos a estar en una reuni\u00f3n el d\u00eda martes y estaremos afinando el tema. De igual forma es una representaci\u00f3n de todo lo que es el Norte Grande que venimos haciendo desde este grupo de gobernadores para ver c\u00f3mo afianzamos relaciones\u00bb, destac\u00f3 en una entrevista concedida a Actualidad Esquina.<\/p>\n","protected":false},"excerpt":{"rendered":"<p>Sin confirmaci\u00f3n de participaci\u00f3n por parte de Gustavo Vald\u00e9s, los gobernadores del Norte Grande viajar\u00e1n a Estados Unidos. Esto lo confirm\u00f3 el embajador argentino en EEUU, Jorge Arg\u00fcello. Se espera que un grupo de diez mandatarios visite Washington para ofrecer exportaciones correspondientes a sus provincias. El embajador argentino de Estados Unidos, Jorge Arg\u00fcello, confirm\u00f3 que [&hellip;]<\/p>\n","protected":false},"author":4,"featured_media":0,"comment_status":"closed","ping_status":"open","sticky":false,"template":"","format":"standard","meta":{"footnotes":""},"categories":[6,8],"tags":[118,123,144],"class_list":{"0":"post-486","1":"post","2":"type-post","3":"status-publish","4":"format-standard","6":"category-infogral","7":"category-nacionales","8":"tag-argentina","9":"tag-gustavo-valdes","10":"tag-norte-grande"},"_links":{"self":[{"href":"https:\/\/zoomproducciones.com.ar\/zoomp\/wp-json\/wp\/v2\/posts\/486","targetHints":{"allow":["GET"]}}],"collection":[{"href":"https:\/\/zoomproducciones.com.ar\/zoomp\/wp-json\/wp\/v2\/posts"}],"about":[{"href":"https:\/\/zoomproducciones.com.ar\/zoomp\/wp-json\/wp\/v2\/types\/post"}],"author":[{"embeddable":true,"href":"https:\/\/zoomproducciones.com.ar\/zoomp\/wp-json\/wp\/v2\/users\/4"}],"replies":[{"embeddable":true,"href":"https:\/\/zoomproducciones.com.ar\/zoomp\/wp-json\/wp\/v2\/comments?post=486"}],"version-history":[{"count":1,"href":"https:\/\/zoomproducciones.com.ar\/zoomp\/wp-json\/wp\/v2\/posts\/486\/revisions"}],"predecessor-version":[{"id":488,"href":"https:\/\/zoomproducciones.com.ar\/zoomp\/wp-json\/wp\/v2\/posts\/486\/revisions\/488"}],"wp:attachment":[{"href":"https:\/\/zoomproducciones.com.ar\/zoomp\/wp-json\/wp\/v2\/media?parent=486"}],"wp:term":[{"taxonomy":"category","embeddable":true,"href":"https:\/\/zoomproducciones.com.ar\/zoomp\/wp-json\/wp\/v2\/categories?post=486"},{"taxonomy":"post_tag","embeddable":true,"href":"https:\/\/zoomproducciones.com.ar\/zoomp\/wp-json\/wp\/v2\/tags?post=486"}],"curies":[{"name":"wp","href":"https:\/\/api.w.org\/{rel}","templated":true}]}}