{"id":484,"date":"2022-08-22T08:22:39","date_gmt":"2022-08-22T11:22:39","guid":{"rendered":"http:\/\/zoomproducciones.com.ar\/zoomp\/?p=484"},"modified":"2022-08-22T08:22:39","modified_gmt":"2022-08-22T11:22:39","slug":"universidad-nacional-paso-de-los-libres-hoy-se-presenta-el-proyecto-al-congreso","status":"publish","type":"post","link":"https:\/\/zoomproducciones.com.ar\/zoomp\/universidad-nacional-paso-de-los-libres-hoy-se-presenta-el-proyecto-al-congreso\/","title":{"rendered":"Universidad Nacional Paso de los Libres: hoy se presenta el proyecto al Congreso"},"content":{"rendered":"\n<p>Hoy, lunes 22 de agosto, se presentar\u00e1 oficialmente al Congreso Nacional el proyecto para la creaci\u00f3n de la Universidad Nacional de Paso de los Libres. Esto lo inform\u00f3 el Intendente Mart\u00edn Asc\u00faa v\u00eda redes sociales. Fabi\u00e1n Borda, Diputado Nacional, ser\u00e1 qui\u00e9n tenga la responsabilidad de impulsar y defender el proyecto en el recinto.<\/p>\n\n\n\n<p>V\u00eda redes sociales, el Intendente de Paso de los Libres inform\u00f3 que, junto a Fabi\u00e1n Borda, presentar\u00e1n el proyecto para la creaci\u00f3n de una Universidad Nacional en la ciudad. <\/p>\n\n\n\n<figure class=\"wp-block-embed is-type-rich is-provider-twitter wp-block-embed-twitter\"><div class=\"wp-block-embed__wrapper\">\n<blockquote class=\"twitter-tweet\" data-width=\"550\" data-dnt=\"true\"><p lang=\"es\" dir=\"ltr\">Quiero contarles que este lunes vamos estar presentando ante el Congreso de la Naci\u00f3n proyecto de ley para la creaci\u00f3n de la UNIVERSIDAD NACIONAL DE PASO DE LOS LIBRES. <a href=\"https:\/\/t.co\/mRpn97VqwX\">pic.twitter.com\/mRpn97VqwX<\/a><\/p>&mdash; Mart\u00edn Ignacio Asc\u00faa (@MartinAscua) <a href=\"https:\/\/twitter.com\/MartinAscua\/status\/1561226377348751360?ref_src=twsrc%5Etfw\">August 21, 2022<\/a><\/blockquote><script async src=\"https:\/\/platform.twitter.com\/widgets.js\" charset=\"utf-8\"><\/script>\n<\/div><\/figure>\n\n\n\n<p>El intendente se reuni\u00f3 con el diputado Fabi\u00e1n Borda, qui\u00e9n tendr\u00e1 la responsabilidad de impulsar y defender el proyecto. Adem\u00e1s, el jefe comunal pidi\u00f3 \u00bbel acompa\u00f1amiento de todos los legisladores Libre\u00f1os y Correntinos\u00bb, ya que \u00bbes un hecho que cambiar\u00e1 la historia de nuestra Ciudad y Provincia\u00bb.<\/p>\n","protected":false},"excerpt":{"rendered":"<p>Hoy, lunes 22 de agosto, se presentar\u00e1 oficialmente al Congreso Nacional el proyecto para la creaci\u00f3n de la Universidad Nacional de Paso de los Libres. Esto lo inform\u00f3 el Intendente Mart\u00edn Asc\u00faa v\u00eda redes sociales. Fabi\u00e1n Borda, Diputado Nacional, ser\u00e1 qui\u00e9n tenga la responsabilidad de impulsar y defender el proyecto en el recinto. V\u00eda redes [&hellip;]<\/p>\n","protected":false},"author":4,"featured_media":0,"comment_status":"closed","ping_status":"open","sticky":false,"template":"","format":"standard","meta":{"footnotes":""},"categories":[6,8],"tags":[141,115,116],"class_list":{"0":"post-484","1":"post","2":"type-post","3":"status-publish","4":"format-standard","6":"category-infogral","7":"category-nacionales","8":"tag-martin-ascua","9":"tag-municipalidad","10":"tag-paso-de-los-libres"},"_links":{"self":[{"href":"https:\/\/zoomproducciones.com.ar\/zoomp\/wp-json\/wp\/v2\/posts\/484","targetHints":{"allow":["GET"]}}],"collection":[{"href":"https:\/\/zoomproducciones.com.ar\/zoomp\/wp-json\/wp\/v2\/posts"}],"about":[{"href":"https:\/\/zoomproducciones.com.ar\/zoomp\/wp-json\/wp\/v2\/types\/post"}],"author":[{"embeddable":true,"href":"https:\/\/zoomproducciones.com.ar\/zoomp\/wp-json\/wp\/v2\/users\/4"}],"replies":[{"embeddable":true,"href":"https:\/\/zoomproducciones.com.ar\/zoomp\/wp-json\/wp\/v2\/comments?post=484"}],"version-history":[{"count":1,"href":"https:\/\/zoomproducciones.com.ar\/zoomp\/wp-json\/wp\/v2\/posts\/484\/revisions"}],"predecessor-version":[{"id":485,"href":"https:\/\/zoomproducciones.com.ar\/zoomp\/wp-json\/wp\/v2\/posts\/484\/revisions\/485"}],"wp:attachment":[{"href":"https:\/\/zoomproducciones.com.ar\/zoomp\/wp-json\/wp\/v2\/media?parent=484"}],"wp:term":[{"taxonomy":"category","embeddable":true,"href":"https:\/\/zoomproducciones.com.ar\/zoomp\/wp-json\/wp\/v2\/categories?post=484"},{"taxonomy":"post_tag","embeddable":true,"href":"https:\/\/zoomproducciones.com.ar\/zoomp\/wp-json\/wp\/v2\/tags?post=484"}],"curies":[{"name":"wp","href":"https:\/\/api.w.org\/{rel}","templated":true}]}}