{"id":4769,"date":"2023-04-17T13:25:10","date_gmt":"2023-04-17T16:25:10","guid":{"rendered":"http:\/\/zoomproducciones.com.ar\/zoomp\/?p=4769"},"modified":"2023-04-17T13:25:11","modified_gmt":"2023-04-17T16:25:11","slug":"la-escuela-primaria-simeon-payba-cumple-39-anos","status":"publish","type":"post","link":"https:\/\/zoomproducciones.com.ar\/zoomp\/la-escuela-primaria-simeon-payba-cumple-39-anos\/","title":{"rendered":"\u00a1La escuela primaria Sime\u00f3n Payba cumple 39 a\u00f1os!"},"content":{"rendered":"\n<p>La escuela n\u00famero 227, \u00bbCoronel Sime\u00f3n Payba\u00bb, cumple 39 a\u00f1os. La misma fue fundada en 1984 y naci\u00f3 desde la necesidad ante la creaci\u00f3n de un Barrio en la ciudad. El primer director fue Umberto Ram\u00f3n Lucietti, quien organiz\u00f3 el establecimiento escolar.<\/p>\n\n\n\n<h2 class=\"wp-block-heading\">La historia:<\/h2>\n\n\n\n<p>Con la construcci\u00f3n de un nuevo barrio que llen\u00f3 una sentida necesidad para la ciudad de Paso de los Libres, se realiz\u00f3 la construcci\u00f3n del edificio escolar. <strong>La obra se inici\u00f3 el d\u00eda 22\/03\/1981.<\/strong><\/p>\n\n\n\n<p>El Sr. <strong>Director Umberto Ram\u00f3n Lucietti<\/strong> organiz\u00f3 el establecimiento escolar ya que no contaba con ning\u00fan mobiliario. Para ello se solicit\u00f3 a otras escuelas de la zona bancos, armarios y otros muebles en calidad de pr\u00e9stamo.<\/p>\n\n\n\n<p>Luego, con la colaboraci\u00f3n de padres, vecinos y docentes, se restauraron muebles y se pusieron en condiciones los mismos.<\/p>\n\n\n\n<p>Las <strong>clases iniciaron el 15 de marzo de 1984, <\/strong>con un total aproximado de <strong>120 alumno<\/strong>s. Aunque su <strong>inauguraci\u00f3n formal fue el 17 de abril de ese mismo a\u00f1o<\/strong>. <\/p>\n\n\n\n<p>El personal de la escuela se constitu\u00eda de:<\/p>\n\n\n\n<p>-1 Director: Umberto Ram\u00f3n Lucietti<\/p>\n\n\n\n<p>-1 Vicedirector: Alicia C. de Figueredo<\/p>\n\n\n\n<p>-14 maestros de grado.<\/p>\n\n\n\n<p>-3 maestras jardineras.<\/p>\n\n\n\n<p>El 27 de abril de 1984 se form\u00f3 la <strong>asociaci\u00f3n cooperadora y el club de madres del establecimiento<\/strong>.<\/p>\n\n\n\n<p>Durante el transcurso del a\u00f1o adquirieron elementos indispensables para la buena marcha del establecimiento, como una heladera, jarritos para la leche, platos y cubiertos. Elementos importantes para el funcionamiento del comedor escolar.<\/p>\n\n\n\n<p>Al finalizar el ciclo lectivo del a\u00f1o 1984, la primera promoci\u00f3n fue de 17 alumnos, pertenecientes al 7mo. Grado.<\/p>\n\n\n\n<p><\/p>\n","protected":false},"excerpt":{"rendered":"<p>La escuela n\u00famero 227, \u00bbCoronel Sime\u00f3n Payba\u00bb, cumple 39 a\u00f1os. La misma fue fundada en 1984 y naci\u00f3 desde la necesidad ante la creaci\u00f3n de un Barrio en la ciudad. El primer director fue Umberto Ram\u00f3n Lucietti, quien organiz\u00f3 el establecimiento escolar. La historia: Con la construcci\u00f3n de un nuevo barrio que llen\u00f3 una sentida [&hellip;]<\/p>\n","protected":false},"author":2,"featured_media":0,"comment_status":"closed","ping_status":"open","sticky":false,"template":"","format":"standard","meta":{"footnotes":""},"categories":[5],"tags":[42,116],"class_list":{"0":"post-4769","1":"post","2":"type-post","3":"status-publish","4":"format-standard","6":"category-locales","7":"tag-featured","8":"tag-paso-de-los-libres"},"_links":{"self":[{"href":"https:\/\/zoomproducciones.com.ar\/zoomp\/wp-json\/wp\/v2\/posts\/4769","targetHints":{"allow":["GET"]}}],"collection":[{"href":"https:\/\/zoomproducciones.com.ar\/zoomp\/wp-json\/wp\/v2\/posts"}],"about":[{"href":"https:\/\/zoomproducciones.com.ar\/zoomp\/wp-json\/wp\/v2\/types\/post"}],"author":[{"embeddable":true,"href":"https:\/\/zoomproducciones.com.ar\/zoomp\/wp-json\/wp\/v2\/users\/2"}],"replies":[{"embeddable":true,"href":"https:\/\/zoomproducciones.com.ar\/zoomp\/wp-json\/wp\/v2\/comments?post=4769"}],"version-history":[{"count":1,"href":"https:\/\/zoomproducciones.com.ar\/zoomp\/wp-json\/wp\/v2\/posts\/4769\/revisions"}],"predecessor-version":[{"id":4771,"href":"https:\/\/zoomproducciones.com.ar\/zoomp\/wp-json\/wp\/v2\/posts\/4769\/revisions\/4771"}],"wp:attachment":[{"href":"https:\/\/zoomproducciones.com.ar\/zoomp\/wp-json\/wp\/v2\/media?parent=4769"}],"wp:term":[{"taxonomy":"category","embeddable":true,"href":"https:\/\/zoomproducciones.com.ar\/zoomp\/wp-json\/wp\/v2\/categories?post=4769"},{"taxonomy":"post_tag","embeddable":true,"href":"https:\/\/zoomproducciones.com.ar\/zoomp\/wp-json\/wp\/v2\/tags?post=4769"}],"curies":[{"name":"wp","href":"https:\/\/api.w.org\/{rel}","templated":true}]}}