{"id":4699,"date":"2023-04-13T09:24:00","date_gmt":"2023-04-13T12:24:00","guid":{"rendered":"http:\/\/zoomproducciones.com.ar\/zoomp\/?p=4699"},"modified":"2023-04-13T09:24:02","modified_gmt":"2023-04-13T12:24:02","slug":"un-colectivo-que-viajaba-de-libres-a-retiro-ocasiono-un-grave-choque","status":"publish","type":"post","link":"https:\/\/zoomproducciones.com.ar\/zoomp\/un-colectivo-que-viajaba-de-libres-a-retiro-ocasiono-un-grave-choque\/","title":{"rendered":"Un colectivo que viajaba de Libres a Retiro ocasion\u00f3 un grave choque"},"content":{"rendered":"\n<p>El accidente sucedi\u00f3 en la noche de este lunes a la altura de Col\u00f3n, Entre R\u00edos. Milagrosamente nadie result\u00f3 herido.<\/p>\n\n\n\n<figure class=\"wp-block-image size-full\"><a href=\"http:\/\/zoomproducciones.com.ar\/zoomp\/wp-content\/uploads\/2023\/04\/image-9.png\"><img decoding=\"async\" src=\"http:\/\/zoomproducciones.com.ar\/zoomp\/wp-content\/uploads\/2023\/04\/image-9.png\" alt=\"\" class=\"wp-image-4700\"\/><\/a><\/figure>\n\n\n\n<p>Un colectivo de la empresa Flecha Bus, que viajaba desde Paso de los Libres a Retiro, impact\u00f3 desde atr\u00e1s a un auto Volkswagen Voyage, provoc\u00e1ndole graves destrozos. En el automovil viajaban cuatro personas: una de ellas debi\u00f3 ser rescatada de la carrocer\u00eda por Bomberos Voluntarios de San Jos\u00e9.<\/p>\n\n\n\n<p>El choque se produjo luego de que el autom\u00f3vil se detuviera sobre la cinta asf\u00e1ltica por un desperfecto mec\u00e1nico. En ese momento, fue colisionado por el colectivo, cuyo chofer no logr\u00f3 esquivar el veh\u00edculo.<\/p>\n\n\n\n<p>A pesar de los destrozos, los ocupantes del auto s\u00f3lo padecieron lesiones leves, debiendo ser rescatada una mujer de la parte interior del veh\u00edculo por parte de Bomberos de San Jos\u00e9. En tanto, en el micro no hubo heridos y el chofer pudo continuar el viaje. <\/p>\n\n\n\n<p>El colectivo llevaba 46 personas a bordo.<\/p>\n","protected":false},"excerpt":{"rendered":"<p>El accidente sucedi\u00f3 en la noche de este lunes a la altura de Col\u00f3n, Entre R\u00edos. Milagrosamente nadie result\u00f3 herido. Un colectivo de la empresa Flecha Bus, que viajaba desde Paso de los Libres a Retiro, impact\u00f3 desde atr\u00e1s a un auto Volkswagen Voyage, provoc\u00e1ndole graves destrozos. En el automovil viajaban cuatro personas: una de [&hellip;]<\/p>\n","protected":false},"author":2,"featured_media":0,"comment_status":"closed","ping_status":"open","sticky":false,"template":"","format":"standard","meta":{"footnotes":""},"categories":[414],"tags":[443,42,116,122],"class_list":{"0":"post-4699","1":"post","2":"type-post","3":"status-publish","4":"format-standard","6":"category-policiales-2","7":"tag-buenos-aires","8":"tag-featured","9":"tag-paso-de-los-libres","10":"tag-policiales"},"_links":{"self":[{"href":"https:\/\/zoomproducciones.com.ar\/zoomp\/wp-json\/wp\/v2\/posts\/4699","targetHints":{"allow":["GET"]}}],"collection":[{"href":"https:\/\/zoomproducciones.com.ar\/zoomp\/wp-json\/wp\/v2\/posts"}],"about":[{"href":"https:\/\/zoomproducciones.com.ar\/zoomp\/wp-json\/wp\/v2\/types\/post"}],"author":[{"embeddable":true,"href":"https:\/\/zoomproducciones.com.ar\/zoomp\/wp-json\/wp\/v2\/users\/2"}],"replies":[{"embeddable":true,"href":"https:\/\/zoomproducciones.com.ar\/zoomp\/wp-json\/wp\/v2\/comments?post=4699"}],"version-history":[{"count":1,"href":"https:\/\/zoomproducciones.com.ar\/zoomp\/wp-json\/wp\/v2\/posts\/4699\/revisions"}],"predecessor-version":[{"id":4701,"href":"https:\/\/zoomproducciones.com.ar\/zoomp\/wp-json\/wp\/v2\/posts\/4699\/revisions\/4701"}],"wp:attachment":[{"href":"https:\/\/zoomproducciones.com.ar\/zoomp\/wp-json\/wp\/v2\/media?parent=4699"}],"wp:term":[{"taxonomy":"category","embeddable":true,"href":"https:\/\/zoomproducciones.com.ar\/zoomp\/wp-json\/wp\/v2\/categories?post=4699"},{"taxonomy":"post_tag","embeddable":true,"href":"https:\/\/zoomproducciones.com.ar\/zoomp\/wp-json\/wp\/v2\/tags?post=4699"}],"curies":[{"name":"wp","href":"https:\/\/api.w.org\/{rel}","templated":true}]}}