{"id":4670,"date":"2023-04-12T09:11:39","date_gmt":"2023-04-12T12:11:39","guid":{"rendered":"http:\/\/zoomproducciones.com.ar\/zoomp\/?p=4670"},"modified":"2023-04-12T09:21:44","modified_gmt":"2023-04-12T12:21:44","slug":"eco-vamos-corrientes-cerro-alianzas-con-32-partidos","status":"publish","type":"post","link":"https:\/\/zoomproducciones.com.ar\/zoomp\/eco-vamos-corrientes-cerro-alianzas-con-32-partidos\/","title":{"rendered":"ECO + Vamos Corrientes cerr\u00f3 alianzas con 32 partidos"},"content":{"rendered":"\n<p>La alianza gobernante ECO + Vamos Corrientes hizo publica su lista con 32 partidos (30 a nivel provincial + 2 partidos de la Capital) de cara a las elecciones legislativas del pr\u00f3ximo 11 de junio.<\/p>\n\n\n\n<figure class=\"wp-block-embed is-type-rich is-provider-twitter wp-block-embed-twitter\"><div class=\"wp-block-embed__wrapper\">\n<blockquote class=\"twitter-tweet\" data-width=\"550\" data-dnt=\"true\"><p lang=\"es\" dir=\"ltr\">Con di\u00e1logo y trabajo, ratificamos a @ECOCtes + Vamos Corrientes como la alianza m\u00e1s grande de la provincia.<br><br>Unidos, estamos listos para participar de las elecciones del 11 de junio y ofrecer, una vez m\u00e1s, una propuesta pol\u00edtico-social s\u00f3lida y sensata. <a href=\"https:\/\/t.co\/v3AGDhd3VK\">pic.twitter.com\/v3AGDhd3VK<\/a><\/p>&mdash; Vamos Corrientes (@vamosctesok) <a href=\"https:\/\/twitter.com\/vamosctesok\/status\/1645985448907489282?ref_src=twsrc%5Etfw\">April 12, 2023<\/a><\/blockquote><script async src=\"https:\/\/platform.twitter.com\/widgets.js\" charset=\"utf-8\"><\/script>\n<\/div><\/figure>\n\n\n\n<h2 class=\"wp-block-heading\"><strong>A nivel provincial&nbsp;los partidos que la integran ser\u00e1n:&nbsp;<\/strong><\/h2>\n\n\n\n<ol class=\"wp-block-list\">\n<li>ACCION POPULAR DE LOS TRABAJADORES<\/li>\n\n\n\n<li>ACCION POR CORRIENTES<\/li>\n\n\n\n<li>ACCI\u00d3N POR LA REPUBLICA<\/li>\n\n\n\n<li>AFIRMACI\u00d3N PARA UNA REP\u00daBLICA IGUALITARIA (ARI)<\/li>\n\n\n\n<li>AUTONOMISTA<\/li>\n\n\n\n<li>CAMBIO AUSTERIDAD Y PROGRESO<\/li>\n\n\n\n<li>CIUDADANOS A GOBERNAR<\/li>\n\n\n\n<li>CIUDADANOS COMPROMETIDOS MIGUEL (CICO)<\/li>\n\n\n\n<li>CONSERVADOR POPULAR<\/li>\n\n\n\n<li>CRECER CON TODOS<\/li>\n\n\n\n<li>DE LA CONCERTACION &#8211; FORJA<\/li>\n\n\n\n<li>DEM\u00d3CRATA PROGRESISTA<\/li>\n\n\n\n<li>ELI &#8211; ENCUENTRO LIBERAL<\/li>\n\n\n\n<li>ENCUENTRO CORRELIGIONARIO<\/li>\n\n\n\n<li>LABORISTA AUT\u00d3NOMO<\/li>\n\n\n\n<li>LADRILLEROS UNIDOS<\/li>\n\n\n\n<li>LIBERAL<\/li>\n\n\n\n<li>MOVIMIENTO INTEGRACI\u00d3N Y DESARROLLO<\/li>\n\n\n\n<li>Movimiento para la igualdad de Oportunidades &#8211;<\/li>\n\n\n\n<li>PARTIDO NUEVO<\/li>\n\n\n\n<li>POPULAR CORRENTINO<\/li>\n\n\n\n<li>PRO &#8211; PROPUESTA REPUBLICANA<\/li>\n\n\n\n<li>SOCIALISTA<\/li>\n\n\n\n<li>UNIDOS POR CORRIENTES<\/li>\n\n\n\n<li>UNI\u00d3N C\u00cdVICA RADICAL<\/li>\n\n\n\n<li>Uni\u00f3n Correntina<\/li>\n\n\n\n<li>Uni\u00f3n del Centro Democr\u00e1tico- U.CD-<\/li>\n\n\n\n<li>Uni\u00f3n para el Desarrollo<\/li>\n\n\n\n<li>UNION POPULAR<\/li>\n\n\n\n<li>Vamos Corrientes<\/li>\n<\/ol>\n\n\n\n<p>En tanto que&nbsp;<strong>en la Ciudad de Corrientes, adem\u00e1s de los 30 partidos mencionados se suman:&nbsp;INTEGRACI\u00d3N CORRENTINA Y&nbsp;CORRIENTES VERDE,<\/strong>&nbsp;llegando a un total de 32 partidos en vistas a las elecciones del pr\u00f3ximo 11 de junio.&nbsp;<\/p>\n\n\n\n<p>Datos: Radio Sudamericana.<\/p>\n","protected":false},"excerpt":{"rendered":"<p>La alianza gobernante ECO + Vamos Corrientes hizo publica su lista con 32 partidos (30 a nivel provincial + 2 partidos de la Capital) de cara a las elecciones legislativas del pr\u00f3ximo 11 de junio. A nivel provincial&nbsp;los partidos que la integran ser\u00e1n:&nbsp; En tanto que&nbsp;en la Ciudad de Corrientes, adem\u00e1s de los 30 partidos [&hellip;]<\/p>\n","protected":false},"author":2,"featured_media":0,"comment_status":"closed","ping_status":"open","sticky":false,"template":"","format":"standard","meta":{"footnotes":""},"categories":[3],"tags":[125,438],"class_list":{"0":"post-4670","1":"post","2":"type-post","3":"status-publish","4":"format-standard","6":"category-provinciales","7":"tag-corrientes","8":"tag-eco-vamos-corrientes"},"_links":{"self":[{"href":"https:\/\/zoomproducciones.com.ar\/zoomp\/wp-json\/wp\/v2\/posts\/4670","targetHints":{"allow":["GET"]}}],"collection":[{"href":"https:\/\/zoomproducciones.com.ar\/zoomp\/wp-json\/wp\/v2\/posts"}],"about":[{"href":"https:\/\/zoomproducciones.com.ar\/zoomp\/wp-json\/wp\/v2\/types\/post"}],"author":[{"embeddable":true,"href":"https:\/\/zoomproducciones.com.ar\/zoomp\/wp-json\/wp\/v2\/users\/2"}],"replies":[{"embeddable":true,"href":"https:\/\/zoomproducciones.com.ar\/zoomp\/wp-json\/wp\/v2\/comments?post=4670"}],"version-history":[{"count":2,"href":"https:\/\/zoomproducciones.com.ar\/zoomp\/wp-json\/wp\/v2\/posts\/4670\/revisions"}],"predecessor-version":[{"id":4676,"href":"https:\/\/zoomproducciones.com.ar\/zoomp\/wp-json\/wp\/v2\/posts\/4670\/revisions\/4676"}],"wp:attachment":[{"href":"https:\/\/zoomproducciones.com.ar\/zoomp\/wp-json\/wp\/v2\/media?parent=4670"}],"wp:term":[{"taxonomy":"category","embeddable":true,"href":"https:\/\/zoomproducciones.com.ar\/zoomp\/wp-json\/wp\/v2\/categories?post=4670"},{"taxonomy":"post_tag","embeddable":true,"href":"https:\/\/zoomproducciones.com.ar\/zoomp\/wp-json\/wp\/v2\/tags?post=4670"}],"curies":[{"name":"wp","href":"https:\/\/api.w.org\/{rel}","templated":true}]}}