{"id":4667,"date":"2023-04-12T06:42:51","date_gmt":"2023-04-12T09:42:51","guid":{"rendered":"http:\/\/zoomproducciones.com.ar\/zoomp\/?p=4667"},"modified":"2023-04-12T06:42:52","modified_gmt":"2023-04-12T09:42:52","slug":"gustavo-valdes-llega-a-paso-de-los-libres","status":"publish","type":"post","link":"https:\/\/zoomproducciones.com.ar\/zoomp\/gustavo-valdes-llega-a-paso-de-los-libres\/","title":{"rendered":"Gustavo Vald\u00e9s llega a Paso de los Libres"},"content":{"rendered":"\n<p>El gobernador Gustavo Vald\u00e9s llega a Paso de los Libres a cumplir con una extensa agenda. El mandatario har\u00e1 entrega de netbooks en dos escuelas, entrega de bienes de capital e inaugurar\u00e1 dos centros en la ciudad. Vald\u00e9s volver\u00e1 a Libres tras siete meses de su \u00faltima visita. \u00a0<\/p>\n\n\n\n<h2 class=\"wp-block-heading\">Agenda<\/h2>\n\n\n\n<p>Gustavo Vald\u00e9s entregar\u00e1, a las 10 am, netbooks del programa \u2018\u2019Incluir Futuro\u2019\u2019 a estudiantes del Colegio Secundario Coronel Sime\u00f3n Payba. M\u00e1s tarde, a las 16:30,&nbsp; lo har\u00e1 tambi\u00e9n en la Escuela T\u00e9cnica N\u00famero 1 \u2018\u2019General Joaqu\u00edn Madariaga\u2019\u2019.&nbsp;<\/p>\n\n\n\n<p>A las 11:30, el gobernador inaugurar\u00e1 el Centro de D\u00eda \u2018\u2019M\u00e1s Vida\u2019\u2019 que&nbsp; fomenta las actividades de prevenci\u00f3n, el tratamiento del consumo problem\u00e1tico y dar contenci\u00f3n y asistencia a personas en situaci\u00f3n de vulnerabilidad. El mismo ser\u00e1 en Mitre 970.&nbsp;<\/p>\n\n\n\n<p>A las 12:30 horas, en el Club Barraca, se har\u00e1 entrega de bienes de capital del programa \u2018\u2019Emprendedores Somos Todos\u2019\u2019.<\/p>\n\n\n\n<p>Finalmente, para las 17:30, Vald\u00e9s inagurar\u00e1 el Centro Tecnol\u00f3gico Paso de los Libres en Sitjanin 998, ex Correo Argentino. \u2018\u2019Los esperamos a la apertura de la muestra pict\u00f3rica a realizarse en el marco de la inauguraci\u00f3n del Centro Tecnol\u00f3gico\u2019\u2019 expresa el comunicado del partido.\u00a0<\/p>\n\n\n\n<p>Resta definir si el gobernador participar\u00e1 del Encuentro Zonal de Dirigentes de la UCR organizado para este mi\u00e9rcoles 12 de abril en el Club Barraca.<\/p>\n","protected":false},"excerpt":{"rendered":"<p>El gobernador Gustavo Vald\u00e9s llega a Paso de los Libres a cumplir con una extensa agenda. El mandatario har\u00e1 entrega de netbooks en dos escuelas, entrega de bienes de capital e inaugurar\u00e1 dos centros en la ciudad. Vald\u00e9s volver\u00e1 a Libres tras siete meses de su \u00faltima visita. \u00a0 Agenda Gustavo Vald\u00e9s entregar\u00e1, a las [&hellip;]<\/p>\n","protected":false},"author":2,"featured_media":0,"comment_status":"closed","ping_status":"open","sticky":false,"template":"","format":"standard","meta":{"footnotes":""},"categories":[5],"tags":[42,123,116],"class_list":{"0":"post-4667","1":"post","2":"type-post","3":"status-publish","4":"format-standard","6":"category-locales","7":"tag-featured","8":"tag-gustavo-valdes","9":"tag-paso-de-los-libres"},"_links":{"self":[{"href":"https:\/\/zoomproducciones.com.ar\/zoomp\/wp-json\/wp\/v2\/posts\/4667","targetHints":{"allow":["GET"]}}],"collection":[{"href":"https:\/\/zoomproducciones.com.ar\/zoomp\/wp-json\/wp\/v2\/posts"}],"about":[{"href":"https:\/\/zoomproducciones.com.ar\/zoomp\/wp-json\/wp\/v2\/types\/post"}],"author":[{"embeddable":true,"href":"https:\/\/zoomproducciones.com.ar\/zoomp\/wp-json\/wp\/v2\/users\/2"}],"replies":[{"embeddable":true,"href":"https:\/\/zoomproducciones.com.ar\/zoomp\/wp-json\/wp\/v2\/comments?post=4667"}],"version-history":[{"count":1,"href":"https:\/\/zoomproducciones.com.ar\/zoomp\/wp-json\/wp\/v2\/posts\/4667\/revisions"}],"predecessor-version":[{"id":4669,"href":"https:\/\/zoomproducciones.com.ar\/zoomp\/wp-json\/wp\/v2\/posts\/4667\/revisions\/4669"}],"wp:attachment":[{"href":"https:\/\/zoomproducciones.com.ar\/zoomp\/wp-json\/wp\/v2\/media?parent=4667"}],"wp:term":[{"taxonomy":"category","embeddable":true,"href":"https:\/\/zoomproducciones.com.ar\/zoomp\/wp-json\/wp\/v2\/categories?post=4667"},{"taxonomy":"post_tag","embeddable":true,"href":"https:\/\/zoomproducciones.com.ar\/zoomp\/wp-json\/wp\/v2\/tags?post=4667"}],"curies":[{"name":"wp","href":"https:\/\/api.w.org\/{rel}","templated":true}]}}