{"id":4664,"date":"2023-04-12T06:37:00","date_gmt":"2023-04-12T09:37:00","guid":{"rendered":"http:\/\/zoomproducciones.com.ar\/zoomp\/?p=4664"},"modified":"2023-04-12T06:37:01","modified_gmt":"2023-04-12T09:37:01","slug":"suteco-decreto-paro-docente-para-esta-semana","status":"publish","type":"post","link":"https:\/\/zoomproducciones.com.ar\/zoomp\/suteco-decreto-paro-docente-para-esta-semana\/","title":{"rendered":"SUTECO decret\u00f3 paro docente para esta semana"},"content":{"rendered":"\n<p>SUTECO confirm\u00f3 paro provincial docente para este jueves 13 y viernes 14 de abril. Las movilizaciones se llevar\u00e1n a cabo tanto en la Capital como en el Interior. Exigir\u00e1n escuelas en condiciones, suba del salario por encima de la inflaci\u00f3n, el funcionamiento de IOSCOR y el rechazo al pago del sueldo en cuotas.<\/p>\n\n\n\n<p>El Sindicato \u00danico de Trabajadores de la Educaci\u00f3n de Corrientes hab\u00eda decretado un paro de 72 horas antes de semana santa. Las primeras 24 horas se cumplieron el pasado 31 de marzo en donde se logr\u00f3 la adhesi\u00f3n entre el 93% y el 95% de los y las docentes de toda la Provincia.&nbsp;<\/p>\n\n\n\n<p>El objetivo es la demanda de aumentos salariales por arriba de la inflaci\u00f3n; rechazo al pago del sueldo en cuotas y con montos en negro; inversi\u00f3n para poner en \u00f3ptimas condiciones las escuelas; funcionamiento de la obra social, entre otros puntos.<\/p>\n\n\n\n<p>El \u00faltimo paro en Libres fue el pasado viernes 31 de marzo en la Aduana.<\/p>\n","protected":false},"excerpt":{"rendered":"<p>SUTECO confirm\u00f3 paro provincial docente para este jueves 13 y viernes 14 de abril. Las movilizaciones se llevar\u00e1n a cabo tanto en la Capital como en el Interior. Exigir\u00e1n escuelas en condiciones, suba del salario por encima de la inflaci\u00f3n, el funcionamiento de IOSCOR y el rechazo al pago del sueldo en cuotas. El Sindicato [&hellip;]<\/p>\n","protected":false},"author":2,"featured_media":0,"comment_status":"closed","ping_status":"open","sticky":false,"template":"","format":"standard","meta":{"footnotes":""},"categories":[3],"tags":[125,42,116],"class_list":{"0":"post-4664","1":"post","2":"type-post","3":"status-publish","4":"format-standard","6":"category-provinciales","7":"tag-corrientes","8":"tag-featured","9":"tag-paso-de-los-libres"},"_links":{"self":[{"href":"https:\/\/zoomproducciones.com.ar\/zoomp\/wp-json\/wp\/v2\/posts\/4664","targetHints":{"allow":["GET"]}}],"collection":[{"href":"https:\/\/zoomproducciones.com.ar\/zoomp\/wp-json\/wp\/v2\/posts"}],"about":[{"href":"https:\/\/zoomproducciones.com.ar\/zoomp\/wp-json\/wp\/v2\/types\/post"}],"author":[{"embeddable":true,"href":"https:\/\/zoomproducciones.com.ar\/zoomp\/wp-json\/wp\/v2\/users\/2"}],"replies":[{"embeddable":true,"href":"https:\/\/zoomproducciones.com.ar\/zoomp\/wp-json\/wp\/v2\/comments?post=4664"}],"version-history":[{"count":1,"href":"https:\/\/zoomproducciones.com.ar\/zoomp\/wp-json\/wp\/v2\/posts\/4664\/revisions"}],"predecessor-version":[{"id":4666,"href":"https:\/\/zoomproducciones.com.ar\/zoomp\/wp-json\/wp\/v2\/posts\/4664\/revisions\/4666"}],"wp:attachment":[{"href":"https:\/\/zoomproducciones.com.ar\/zoomp\/wp-json\/wp\/v2\/media?parent=4664"}],"wp:term":[{"taxonomy":"category","embeddable":true,"href":"https:\/\/zoomproducciones.com.ar\/zoomp\/wp-json\/wp\/v2\/categories?post=4664"},{"taxonomy":"post_tag","embeddable":true,"href":"https:\/\/zoomproducciones.com.ar\/zoomp\/wp-json\/wp\/v2\/tags?post=4664"}],"curies":[{"name":"wp","href":"https:\/\/api.w.org\/{rel}","templated":true}]}}