{"id":4661,"date":"2023-04-12T06:29:46","date_gmt":"2023-04-12T09:29:46","guid":{"rendered":"http:\/\/zoomproducciones.com.ar\/zoomp\/?p=4661"},"modified":"2023-04-12T06:29:46","modified_gmt":"2023-04-12T09:29:46","slug":"gloria-pared-se-presentara-como-querellante-en-el-caso-arias","status":"publish","type":"post","link":"https:\/\/zoomproducciones.com.ar\/zoomp\/gloria-pared-se-presentara-como-querellante-en-el-caso-arias\/","title":{"rendered":"Gloria Pared se presentar\u00e1 como querellante en el caso Arias"},"content":{"rendered":"\n<p>Pared se presentar\u00e1 como querellante en la causa del hecho ocurrido en agosto del 2021 cuando el senador Miguel Arias recibi\u00f3 un disparo en un acto pol\u00edtico. La <strong>entonces candidata a vice intendente de Tapebicu\u00e1<\/strong> asegura haber sido la verdadera destinataria de dicho disparo.Este mi\u00e9rcoles llevar\u00e1 a cabo una conferencia de prensa para ultimar detalles.<\/p>\n\n\n\n<p>El hecho que conmovi\u00f3 a la provincia y tuvo repercusi\u00f3n nacional ahora adquiri\u00f3 nuevamente relevancia, al aparecer otra persona asegura haber sido la destinataria de dicho disparo. <\/p>\n\n\n\n<p>Gloria Pared, entonces candidata a vice intendente de Tapebicu\u00e1 en 2021, asegura que \u00bbel senador Miguel Arias recibi\u00f3 el disparo que era para m\u00ed\u00bb. Recordamos que Pared era la persona que se encontraba dando el discurso en el momento que sali\u00f3 el disparo.<\/p>\n\n\n\n<p>El abogado Eduardo Etchegaray Centeno asegur\u00f3 a la prensa que su clienta se encuentra hace ya dos a\u00f1os alejada de la pol\u00edtica por miedo y amenazas. \u00bbNo es que ahora la se\u00f1ora Pared se siente v\u00edctima, sino que desde el primer momento ella lo dijo a los cuatro vientos que ese disparo era para ella, lo dijo ante la Fiscal\u00eda\u00bb.<\/p>\n\n\n\n<p>Etchegaray y Pared brindar\u00e1n una conferencia de prensa este mi\u00e9rcoles sobre la presentaci\u00f3n de Gloria Soledad Pared ante la justicia como Querellante.<\/p>\n","protected":false},"excerpt":{"rendered":"<p>Pared se presentar\u00e1 como querellante en la causa del hecho ocurrido en agosto del 2021 cuando el senador Miguel Arias recibi\u00f3 un disparo en un acto pol\u00edtico. La entonces candidata a vice intendente de Tapebicu\u00e1 asegura haber sido la verdadera destinataria de dicho disparo.Este mi\u00e9rcoles llevar\u00e1 a cabo una conferencia de prensa para ultimar detalles. [&hellip;]<\/p>\n","protected":false},"author":2,"featured_media":0,"comment_status":"closed","ping_status":"open","sticky":false,"template":"","format":"standard","meta":{"footnotes":""},"categories":[3],"tags":[42,116],"class_list":{"0":"post-4661","1":"post","2":"type-post","3":"status-publish","4":"format-standard","6":"category-provinciales","7":"tag-featured","8":"tag-paso-de-los-libres"},"_links":{"self":[{"href":"https:\/\/zoomproducciones.com.ar\/zoomp\/wp-json\/wp\/v2\/posts\/4661","targetHints":{"allow":["GET"]}}],"collection":[{"href":"https:\/\/zoomproducciones.com.ar\/zoomp\/wp-json\/wp\/v2\/posts"}],"about":[{"href":"https:\/\/zoomproducciones.com.ar\/zoomp\/wp-json\/wp\/v2\/types\/post"}],"author":[{"embeddable":true,"href":"https:\/\/zoomproducciones.com.ar\/zoomp\/wp-json\/wp\/v2\/users\/2"}],"replies":[{"embeddable":true,"href":"https:\/\/zoomproducciones.com.ar\/zoomp\/wp-json\/wp\/v2\/comments?post=4661"}],"version-history":[{"count":1,"href":"https:\/\/zoomproducciones.com.ar\/zoomp\/wp-json\/wp\/v2\/posts\/4661\/revisions"}],"predecessor-version":[{"id":4663,"href":"https:\/\/zoomproducciones.com.ar\/zoomp\/wp-json\/wp\/v2\/posts\/4661\/revisions\/4663"}],"wp:attachment":[{"href":"https:\/\/zoomproducciones.com.ar\/zoomp\/wp-json\/wp\/v2\/media?parent=4661"}],"wp:term":[{"taxonomy":"category","embeddable":true,"href":"https:\/\/zoomproducciones.com.ar\/zoomp\/wp-json\/wp\/v2\/categories?post=4661"},{"taxonomy":"post_tag","embeddable":true,"href":"https:\/\/zoomproducciones.com.ar\/zoomp\/wp-json\/wp\/v2\/tags?post=4661"}],"curies":[{"name":"wp","href":"https:\/\/api.w.org\/{rel}","templated":true}]}}